{"id":1531,"date":"2019-06-16T09:00:00","date_gmt":"2019-06-16T07:00:00","guid":{"rendered":"https:\/\/www.fitshop.es\/blog\/?p=1531"},"modified":"2019-06-16T13:35:02","modified_gmt":"2019-06-16T11:35:02","slug":"empieza-a-entrenar-entrevista-a-william-wolf","status":"publish","type":"post","link":"https:\/\/www.fitshop.es\/blog\/empieza-a-entrenar-entrevista-a-william-wolf\/","title":{"rendered":"\u00a1Empieza a entrenar! &#8211; Entrevista a William Wolf"},"content":{"rendered":"<p>Hoy te traemos una entrevista que nuestro compa\u00f1ero en pr\u00e1cticas Luca Peltzer ha realizado a otro de nuestros compa\u00f1eros, William Wolf, especialista en entrenamiento fitness.<!--more--><\/p>\n<p>\u00abA lo largo de mi vida he tenido la suerte de poder probar y disfrutar de distintas disciplinas deportivas. Mis favoritos hasta el momento han sido la capoeira, el baloncesto, el f\u00fatbol y el esqu\u00ed acu\u00e1tico. Soy Luca&nbsp; Peltzer (LP), tengo 21 a\u00f1os y estoy haciendo unas pr\u00e1cticas de vendedor especializado en deporte y fitness en la central del grupo Sport-Tiedje. Despu\u00e9s de una larga pausa deportiva, particip\u00e9 (con poco \u00e9xito) en el \u00abBundeswehr Challenge\u00bb que tuvo lugar durante la \u00faltima Fibo.<\/p>\n<p><a name=\"more-14076\"><\/a>Despu\u00e9s una experiencia como esta para un deportista, tom\u00e9 la decisi\u00f3n de comenzar con el entrenamiento fitness. Tras un tiempo investigando, me llam\u00f3 la atenci\u00f3n que las opiniones en relaci\u00f3n con el entrenamiento correcto suele variar bastante. Me di cuenta que existen algunos mitos y que en ocasiones no es sencillo diferenciar entre la realidad y la ficci\u00f3n. Para responder a las dudas que me han surgido, he quedado con William Wolf (WW). William tambi\u00e9n comenz\u00f3 las pr\u00e1cticas en el grupo Sport-Tiedje al mismo tiempo que yo y lleva un par de a\u00f1os entrenando. Le interesa mucho el entrenamiento fitness, la alimentaci\u00f3n correcta y las fases de regeneraci\u00f3n del cuerpo.<\/p>\n<p><strong>LP<\/strong>: William, muchas gracias por tomarte el tiempo para contestar a mis preguntas.<\/p>\n<p><strong>WW<\/strong>: No hay de qu\u00e9.<\/p>\n<h2 class=\"western\">Frecuencia e intensidad de entrenamiento<\/h2>\n<p>LP: He tomado la decisi\u00f3n de empezar con un entrenamiento para mejorar mi condici\u00f3n f\u00edsica. Y como me gusta hacer bien las cosas, he estado investigando en Internet. Sin embargo, despu\u00e9s de ello me han surgido m\u00e1s preguntas que respuestas. Ah\u00ed va mi primera pregunta: \u00bfTiene sentido empezar con un entrenamiento de cuerpo completo? o \u00bfes m\u00e1s efectivo entrenar los m\u00fasculos de forma aislada con un entrenamiento en <a href=\"https:\/\/www.sport-tiedje.de\/blog\/2018\/02\/2er-split-trainingsplan\">2 fases<\/a> o <a href=\"https:\/\/www.sport-tiedje.de\/blog\/2019\/02\/3er-split-trainingsplan\">3 fases<\/a>?<\/p>\n<p><strong>WW<\/strong>: Esto siempre depender\u00e1 de tu estado de entrenamiento. Sobre todo en el caso de los principiantes, se recomienda fortalecer el cuerpo de forma general. M\u00e1s adelante, al cabo de medio a\u00f1o aproximadamente, podr\u00e1s pasarte al entrenamiento aislado.<\/p>\n<p><strong>LP<\/strong>: Desde un punto de vista general, \u00bfes mejor el entrenamiento cardio o el entrenamiento de fuerza?<\/p>\n<p><img loading=\"lazy\" decoding=\"async\" class=\"wp-image-14097 aligncenter\" title=\"entrenamiento con entrenador personal\" src=\"https:\/\/www.sport-tiedje.de\/blog\/wp-content\/uploads\/2019\/05\/krafttraining-1024x683.jpg\" sizes=\"auto, (max-width: 1024px) 100vw, 1024px\" srcset=\"https:\/\/www.sport-tiedje.de\/blog\/wp-content\/uploads\/2019\/05\/krafttraining-1024x683.jpg 1024w, https:\/\/www.sport-tiedje.de\/blog\/wp-content\/uploads\/2019\/05\/krafttraining-300x200.jpg 300w, https:\/\/www.sport-tiedje.de\/blog\/wp-content\/uploads\/2019\/05\/krafttraining-768x512.jpg 768w, https:\/\/www.sport-tiedje.de\/blog\/wp-content\/uploads\/2019\/05\/krafttraining-624x416.jpg 624w, https:\/\/www.sport-tiedje.de\/blog\/wp-content\/uploads\/2019\/05\/krafttraining.jpg 1600w\" alt=\"entrenamiento con entrenador personal\" width=\"1024\" height=\"683\"><\/p>\n<p><strong>WW<\/strong>: \u00a1Lo suyo es la combinaci\u00f3n de ambos! No importa si lo que buscas es reducir tu peso o desarrollar tu musculatura. El entrenamiento de fuerza siempre deber\u00eda estar presente. El entrenamiento de musculaci\u00f3n produce el conocido efecto \u00abafter burn\u00bb o \u00abefecto de quema de grasa post ejercicio\u00bb. En el entrenamiento cardio se da una quema de grasa continuada. En el caso del entrenamiento de fuerza sucede que se siguen quemando calor\u00edas incluso despu\u00e9s del entrenamiento. Por lo tanto, podr\u00edamos concluir que una combinaci\u00f3n de ambos es la clave.<\/p>\n<p><strong>LP<\/strong>: \u00bfCon qu\u00e9 frecuencia semanal deber\u00eda entrenar como m\u00ednimo, para notar una mejora constante?<\/p>\n<p><strong>WW<\/strong>: Siempre depende, claro est\u00e1, del tiempo que puedas dedicarle al entrenamiento durante la semana. En todo caso, todo lo que hagas es mejor que nada. Por norma general, al principio recomendar\u00eda un entrenamiento 3 veces por semana. Claro que despu\u00e9s de un tiempo, puedes ir aumentando esta frecuencia.<\/p>\n<p><strong>LP<\/strong>: \u00bfCu\u00e1ntas sesiones de entrenamiento a la semana resultar\u00edan demasiadas?<\/p>\n<p><strong><img loading=\"lazy\" decoding=\"async\" class=\"alignleft wp-image-14090\" title=\"monitor de composici\u00f3n corporal para el entrenamiento\" src=\"https:\/\/www.sport-tiedje.de\/blog\/wp-content\/uploads\/2019\/05\/koerperfettwaage-683x1024.jpg\" sizes=\"auto, (max-width: 300px) 100vw, 300px\" srcset=\"https:\/\/www.sport-tiedje.de\/blog\/wp-content\/uploads\/2019\/05\/koerperfettwaage-683x1024.jpg 683w, https:\/\/www.sport-tiedje.de\/blog\/wp-content\/uploads\/2019\/05\/koerperfettwaage-200x300.jpg 200w, https:\/\/www.sport-tiedje.de\/blog\/wp-content\/uploads\/2019\/05\/koerperfettwaage-768x1151.jpg 768w, https:\/\/www.sport-tiedje.de\/blog\/wp-content\/uploads\/2019\/05\/koerperfettwaage-624x935.jpg 624w\" alt=\"monitor de composici\u00f3n corporal para el entrenamiento\" width=\"300\" height=\"449\">WW<\/strong>: Hay muchos deportistas que entrenan hasta 6 veces por semana. Esto se puede hacer, aunque no es nada recomendable sobre todo al principio. Es muy importante para el desarrollo muscular que el cuerpo tenga tiempo suficiente para la regeneraci\u00f3n, sobre todo al realizar un entrenamiento de cuerpo completo. Si est\u00e1s realizando un entrenamiento de cuerpo completo no te recomendar\u00eda entrenar m\u00e1s de 4 veces a la semana.<\/p>\n<p><strong>LP<\/strong>: \u00bfPuede suponer alguna diferencia entrenar a una u otra hora del d\u00eda?<\/p>\n<p><strong>WW<\/strong>: En principio, no. Hay que prestar atenci\u00f3n a intercalar una pausa suficiente entre las sesiones de entrenamiento. Esto significa que no est\u00e1 de m\u00e1s fijarse en el calendario cu\u00e1ndo quieres ir a entrenar. Por ejemplo, siempre a mediod\u00eda, despu\u00e9s del trabajo o antes de ir a trabajar. Lo \u00fanico que debes tener en cuenta es que al menos transcurran 2 horas despu\u00e9s del entrenamiento, antes de irte a dormir. La circulaci\u00f3n debe tener tiempo suficiente para relajarse antes de dormir.<\/p>\n<p><strong>LP<\/strong>: \u00bfSe puede ir a entrenar tambi\u00e9n cuando tienes agujetas?<\/p>\n<p><strong>WW<\/strong>: Aunque se puede hacer, no es algo que debiera hacerse de manera habitual. El cuerpo simplemente necesita una fase de recuperaci\u00f3n para volver a recuperar las fuerzas necesarias.<\/p>\n<h2 class=\"western\">Calentamiento, estiramiento y entrenamiento de la fascia<\/h2>\n<p><strong>LP<\/strong>: Como ahora no estoy en el nivel m\u00e1s alto en el entrenamiento cardio, me pregunto si puede saltarme el entrenamiento de calentamiento.<\/p>\n<div id=\"attachment_14088\" style=\"width: 1034px\" class=\"wp-caption aligncenter\"><img loading=\"lazy\" decoding=\"async\" aria-describedby=\"caption-attachment-14088\" class=\"wp-image-14088\" title=\"Remo indoor como calentamiento previo al entrenamiento\" src=\"https:\/\/www.sport-tiedje.de\/blog\/wp-content\/uploads\/2019\/05\/aufwaermen-1024x683.jpg\" sizes=\"auto, (max-width: 1024px) 100vw, 1024px\" srcset=\"https:\/\/www.sport-tiedje.de\/blog\/wp-content\/uploads\/2019\/05\/aufwaermen-1024x683.jpg 1024w, https:\/\/www.sport-tiedje.de\/blog\/wp-content\/uploads\/2019\/05\/aufwaermen-300x200.jpg 300w, https:\/\/www.sport-tiedje.de\/blog\/wp-content\/uploads\/2019\/05\/aufwaermen-768x512.jpg 768w, https:\/\/www.sport-tiedje.de\/blog\/wp-content\/uploads\/2019\/05\/aufwaermen-624x416.jpg 624w\" alt=\"Remo indoor como calentamiento previo al entrenamiento\" width=\"1024\" height=\"683\"><p id=\"caption-attachment-14088\" class=\"wp-caption-text\">Antes del entrenamiento, se debe realizar un calentamiento, por ejemplo con el remo<\/p><\/div>\n<p><strong>WW<\/strong>: Mejor que no lo hagas. El caso es que el cuerpo puede ofrecer un mayor rendimiento si previamente se ha calentado. Adem\u00e1s, as\u00ed evitar\u00e1s problemas con los cart\u00edlagos, las articulaciones o los m\u00fasculos.<\/p>\n<p><strong>LP<\/strong>: \u00bfCu\u00e1n importante es el estiramiento de los m\u00fasculos antes o despu\u00e9s del entrenamiento?<\/p>\n<p><strong>WW<\/strong>: Muchas personas prescinden totalmente de esto, aunque yo lo recomendar\u00eda siempre, para mantener as\u00ed la flexibilidad del cuerpo.<\/p>\n<p><strong>LP<\/strong>: \u00bfDeber\u00eda realizar un entrenamiento de la fascia?<\/p>\n<div id=\"attachment_14089\" style=\"width: 1034px\" class=\"wp-caption aligncenter\"><img loading=\"lazy\" decoding=\"async\" aria-describedby=\"caption-attachment-14089\" class=\"wp-image-14089\" title=\"Entrenamiento de la fascia para estirar y flexibilizar el tejido conjuntivo\" src=\"https:\/\/www.sport-tiedje.de\/blog\/wp-content\/uploads\/2019\/05\/faszien-1024x683.jpg\" sizes=\"auto, (max-width: 1024px) 100vw, 1024px\" srcset=\"https:\/\/www.sport-tiedje.de\/blog\/wp-content\/uploads\/2019\/05\/faszien-1024x683.jpg 1024w, https:\/\/www.sport-tiedje.de\/blog\/wp-content\/uploads\/2019\/05\/faszien-300x200.jpg 300w, https:\/\/www.sport-tiedje.de\/blog\/wp-content\/uploads\/2019\/05\/faszien-768x513.jpg 768w, https:\/\/www.sport-tiedje.de\/blog\/wp-content\/uploads\/2019\/05\/faszien-624x416.jpg 624w\" alt=\"Entrenamiento de la fascia para estirar y flexibilizar el tejido conjuntivo\" width=\"1024\" height=\"683\"><p id=\"caption-attachment-14089\" class=\"wp-caption-text\">Entrenamiento de la fascia para estirar y flexibilizar el tejido conjuntivo<\/p><\/div>\n<p><strong>WW<\/strong>: El entrenamiento de la fascia tiene sentido en cualquier caso. Y \u00e9sto no es posible s\u00f3lo mediante los rodillos de automasaje para la fascia. Por ejemplo, incluso con cada calentamiento durante el entrenamiento de fuerza, la parte de la fascia que rodea al m\u00fasculo se estira. Los <a href=\"https:\/\/www.sport-tiedje.de\/faszientraining-faszienrollen\" target=\"_blank\" rel=\"noopener noreferrer\">rodillos de automasaje para la fascia<\/a> hacen que esto sea m\u00e1s sencillo.<\/p>\n<h2 class=\"western\">La ejecuci\u00f3n de ejercicios correcta<\/h2>\n<p><strong>LP<\/strong>: \u00bfTiene sentido que un entrenador te explique los ejercicios in situ?, o \u00bfes suficiente con hacer una peque\u00f1a b\u00fasqueda en Youtube o alg\u00fan lugar similar?<\/p>\n<p><strong>WW<\/strong>: En este punto creo que hay distintas formas de aprender. Los v\u00eddeos de Youtube pueden llegar a ser muy precisos gracias a la representaci\u00f3n gr\u00e1fica. Pero si no te sientes seguro, nunca est\u00e1 de m\u00e1s que un entrenador eche un vistazo a la forma en que realizas el ejercicio. Tambi\u00e9n existen aparatos en los que no puedes equivocarte al realizar el ejercicio. Esta es por ejemplo una de las ventajas de las m\u00e1quinas de fuerza de placas (con movimiento guiado) frente a las pesas (entrenamiento de peso libre).<\/p>\n<p><strong>LP<\/strong>: Ya que hablas de la realizaci\u00f3n: \u00bfPor qu\u00e9 es tan importante la ejecuci\u00f3n correcta?<\/p>\n<p><strong>WW<\/strong>: Sobre todo tiene que ver con la activaci\u00f3n espec\u00edfica de los m\u00fasculos correctos. En una postura incorrecta, es posible que solicites el m\u00fasculo equivocado o que cargues un m\u00fasculo que con el ejercicio en cuesti\u00f3n no deber\u00eda haberse activado. Adem\u00e1s, una postura correcta tambi\u00e9n tiene mucho que ver con la prevenci\u00f3n de lesiones, de modo que sobre todo la columna se mantenga erguida y no haya ninguna molestia en el futuro.<\/p>\n<p><strong>LP<\/strong>: \u00bfQu\u00e9 recomendar\u00edas antes, ejercicios de entrenamiento guiados o libres?<\/p>\n<p><strong>WW<\/strong>: Incluso a los principiantes les recomendar\u00eda siembre los ejercicios libres. Realizar ejercicios guiados o aislados en las m\u00e1quinas espec\u00edficas del gimnasio es mejor que no hacer nada. Sin embargo, estos ejercicios dejan fuera de juego a numerosos m\u00fasculos de estabilizaci\u00f3n y musculatura profunda. Los aparatos de movimiento guiado suelen estar ah\u00ed en el fondo, para que en los gimnasios m\u00e1s econ\u00f3micos el entrenador no est\u00e9 sobrecargado. \u00a1Los ejercicios libres siempre son mejores! Y con pesas tambi\u00e9n puedes entrenar c\u00f3modamente en casa.<\/p>\n<p><strong>LP<\/strong>: \u00bfCu\u00e1nto peso empieza a ser demasiado?<\/p>\n<p><strong>WW<\/strong>: Siempre depende mucho. Tan pronto como notes que no alcanzas el n\u00famero determinado de repeticiones que te has propuesto, est\u00e1s empleando demasiado peso. Es mejor utilizar un poco menos de peso que un poco m\u00e1s, ya que no podr\u00e1s realizar el ejercicio con correcci\u00f3n. Tan pronto como la ejecuci\u00f3n de un ejercicio sufre con un determinado peso, es simplemente demasiado.<\/p>\n<p><strong>LP<\/strong>: \u00bfQu\u00e9 n\u00famero de series y repeticiones deber\u00eda realizar?<\/p>\n<p><strong>WW<\/strong>: Para el desarrollo muscular te recomiendo 5 series de unas 5-9 repeticiones, m\u00e1s una serie adicional con menos peso antes de comenzar para calentar.<\/p>\n<h2 class=\"western\">Cuesti\u00f3n de nutrici\u00f3n<\/h2>\n<p><strong>LP<\/strong>: \u00bfQu\u00e9 alimentos, bebidas, estimulantes&#8230; pueden afectar negativamente al entrenamiento?<\/p>\n<p><strong>WW<\/strong>: No es tan importante preocuparse por la cantidad de carbohidratos consumidos. Sobre todo en la fase de desarrollo, se pueden consumir muchas calor\u00edas. En cualquier caso, lo importante es fijarse en la lista de ingredientes de los alimentos, para evitar aquellos que cuenten con muchos compuestos qu\u00edmicos. Adem\u00e1s, los carbohidratos de cadena corta se queman muy r\u00e1pido y se fijan tambi\u00e9n r\u00e1pidamente en lugares donde no deseas tenerlos.<\/p>\n<p><strong>LP<\/strong>: \u00bfQu\u00e9 alimentos, bebidas&#8230; ayudan a mi entrenamiento?<\/p>\n<p><img loading=\"lazy\" decoding=\"async\" class=\"aligncenter wp-image-14095\" title=\"nutrici\u00f3n deportiva\" src=\"https:\/\/www.sport-tiedje.de\/blog\/wp-content\/uploads\/2019\/05\/supplement-1024x683.jpg\" sizes=\"auto, (max-width: 1024px) 100vw, 1024px\" srcset=\"https:\/\/www.sport-tiedje.de\/blog\/wp-content\/uploads\/2019\/05\/supplement-1024x683.jpg 1024w, https:\/\/www.sport-tiedje.de\/blog\/wp-content\/uploads\/2019\/05\/supplement-300x200.jpg 300w, https:\/\/www.sport-tiedje.de\/blog\/wp-content\/uploads\/2019\/05\/supplement-768x512.jpg 768w, https:\/\/www.sport-tiedje.de\/blog\/wp-content\/uploads\/2019\/05\/supplement-624x416.jpg 624w, https:\/\/www.sport-tiedje.de\/blog\/wp-content\/uploads\/2019\/05\/supplement.jpg 1600w\" alt=\"nutrici\u00f3n deportiva\" width=\"1024\" height=\"683\"><\/p>\n<p><strong>WW<\/strong>: El mercado de los suplementos nutricionales ofrece mucho. Hay que prestar atenci\u00f3n a consumir la prote\u00edna suficiente, ya sea mediante batidos o mediante una alimentaci\u00f3n equilibrada. Yo te recomendar\u00eda una combinaci\u00f3n de ambas opciones. Otro componente que ayuda mucho es la creatina. Se trata del \u00fanico suplemento que conlleva un aumento de rendimiento perceptible. Cuando las reservas de creatina est\u00e1n llenas, es posible un aumento de peso de entre el 10 y el 20%.<\/p>\n<p><strong>LP<\/strong>: Palabra clave \u00abs\u00faper alimentos\u00bb. \u00bfTienes quiz\u00e1 alg\u00fan ejemplo?<\/p>\n<div id=\"attachment_14091\" style=\"width: 1034px\" class=\"wp-caption aligncenter\"><img loading=\"lazy\" decoding=\"async\" aria-describedby=\"caption-attachment-14091\" class=\"wp-image-14091\" title=\"\u00a1S\u00faper alimentos! Son un complemento ideal en una alimentaci\u00f3n saludable.\" src=\"https:\/\/www.sport-tiedje.de\/blog\/wp-content\/uploads\/2019\/05\/super_food-1024x683.jpg\" sizes=\"auto, (max-width: 1024px) 100vw, 1024px\" srcset=\"https:\/\/www.sport-tiedje.de\/blog\/wp-content\/uploads\/2019\/05\/super_food-1024x683.jpg 1024w, https:\/\/www.sport-tiedje.de\/blog\/wp-content\/uploads\/2019\/05\/super_food-300x200.jpg 300w, https:\/\/www.sport-tiedje.de\/blog\/wp-content\/uploads\/2019\/05\/super_food-768x512.jpg 768w, https:\/\/www.sport-tiedje.de\/blog\/wp-content\/uploads\/2019\/05\/super_food-624x416.jpg 624w, https:\/\/www.sport-tiedje.de\/blog\/wp-content\/uploads\/2019\/05\/super_food.jpg 1545w\" alt=\"\u00a1S\u00faper alimentos! Son un complemento ideal en una alimentaci\u00f3n saludable.\" width=\"1024\" height=\"683\"><p id=\"caption-attachment-14091\" class=\"wp-caption-text\">\u00a1S\u00faper alimentos! Son un complemento ideal en una alimentaci\u00f3n saludable.<\/p><\/div>\n<p><strong>WW<\/strong>: Los s\u00faper alimentos est\u00e1n muy de moda. De ellos se puede decir lo que quieras. A menudo se dice que contienen una gran cantidad de micronutrientes (vitaminas y minerales). Desde luego, no hay nada que vaya en contra de su consumo. Entre todos, yo me quedar\u00eda con las bayas de Goji. Otro consejo, aunque suene simple: kiwi. Un kiwi cubre pr\u00e1cticamente todas las necesidades de vitaminas para un d\u00eda.<\/p>\n<p><strong>LP<\/strong>: Y siguiendo con algo que has mencionado antes. \u00bfQu\u00e9 suplementos son realmente importantes para el entrenamiento y el desarrollo muscular?<\/p>\n<p><strong>WW<\/strong>: Como dec\u00eda, para mi los mejores son las prote\u00ednas de suero y la creatina. Muchas personas tambi\u00e9n se suplementan con \u00e1cidos grasos Omega-3, porque no comen demasiado pescado. Y es que el cuerpo crea las hormonas de las grasas y como hombre la testosterona es una hormona vital para el desarrollo muscular. Al final, si quieres intensificar tu entrenamiento y tienes una circulaci\u00f3n estable, tambi\u00e9n se puede recurrir de vez en cuando al uso de los conocidos como \u00abboosters\u00bb. As\u00ed podr\u00e1s realizar una sesi\u00f3n de entrenamiento m\u00e1s fuerte e intensiva cada dos semanas.<\/p>\n<p><strong>LP<\/strong>: \u00bfCu\u00e1nto tiempo antes o despu\u00e9s del entrenamiento se debe comer?<\/p>\n<p><strong>WW<\/strong>: Lo mejor es comer algo con poca grasa y muchas prote\u00ednas justo despu\u00e9s del entrenamiento. Muchas personas recurren para ello a los batidos de prote\u00ednas. Adem\u00e1s, no se deber\u00eda comer nada en la hora previa al entrenamiento. Aunque tampoco se debe entrenar con el est\u00f3mago vac\u00edo. El cuerpo necesita tambi\u00e9n un m\u00ednimo de nutrientes, para producir la energ\u00eda suficiente para el entrenamiento.<\/p>\n<h2 class=\"western\">\u00bfC\u00f3mo hacer para no flaquear?<\/h2>\n<p><strong>LP<\/strong>: \u00bfTienes alg\u00fan truco, h\u00e1bito o comportamiento que te ayude a mantener la motivaci\u00f3n?<\/p>\n<p><strong>WW<\/strong>: Para m\u00ed lo m\u00e1s importante siempre es felicitarse a uno mismo por el rendimiento conseguido. Cada vez que vayas a entrenar, cada vez que termines una serie, ya has hecho algo bueno por y para ti. Nunca pierdas esto de vista despu\u00e9s del entrenamiento y estate orgulloso del rendimiento que hayas tenido. Adem\u00e1s, no debes pelearte demasiado contigo a la hora de ir a entrenar. Simplemente, ponte en camino. Al final te lo agradecer\u00e1s. Una vez superes los primeros d\u00edas, que son los m\u00e1s dif\u00edciles, incorporar\u00e1s autom\u00e1ticamente ese efecto de recompensa y satisfacci\u00f3n. El ser humano es un animal de costumbres. Si consigues entrenar durante un par de meses y reconoces tus \u00e9xitos cada vez, llegar\u00e1 un momento en que tu cuerpo lo har\u00e1 sin pensar y el entrenamiento te resultar\u00e1 cada vez m\u00e1s divertido.<\/p>\n<p><strong>LP<\/strong>: Buen consejo, \u00a1muchas gracias! Y gracias tambi\u00e9n por tomarte el tiempo para contestar mis preguntas con de manera tan completa.<\/p>\n<p><strong>WW<\/strong>: De nada. \u00a1Nos vemos en el pr\u00f3ximo entrenamiento!\u00bb<\/p>\n","protected":false},"excerpt":{"rendered":"<p>Hoy te traemos una entrevista que nuestro compa\u00f1ero en pr\u00e1cticas Luca Peltzer ha realizado a otro de nuestros compa\u00f1eros, William Wolf, especialista en entrenamiento fitness.<\/p>\n","protected":false},"author":5,"featured_media":1532,"comment_status":"open","ping_status":"open","sticky":false,"template":"","format":"standard","meta":{"_monsterinsights_skip_tracking":false,"_monsterinsights_sitenote_active":false,"_monsterinsights_sitenote_note":"","_monsterinsights_sitenote_category":0,"footnotes":""},"categories":[1],"tags":[80,99,41,44],"class_list":["post-1531","post","type-post","status-publish","format-standard","has-post-thumbnail","hentry","category-sin-categoria","tag-cardio","tag-desarrollo-muscular","tag-entrenamiento-de-fuerza","tag-musculacion"],"yoast_head":"<!-- This site is optimized with the Yoast SEO plugin v27.3 - https:\/\/yoast.com\/product\/yoast-seo-wordpress\/ -->\n<title>\u00a1Empieza a entrenar! - Entrevista a William Wolf - El Blog de Fitshop<\/title>\n<meta name=\"description\" content=\"Si quieres empezar a entrenar, puede que esta entrevista que nuestro compa\u00f1ero Luca ha realizado a otro de nuestros compa\u00f1eros, William Wolf, te interese.\" \/>\n<meta name=\"robots\" content=\"index, follow, max-snippet:-1, max-image-preview:large, max-video-preview:-1\" \/>\n<link rel=\"canonical\" href=\"https:\/\/www.fitshop.es\/blog\/empieza-a-entrenar-entrevista-a-william-wolf\/\" \/>\n<meta property=\"og:locale\" content=\"es_ES\" \/>\n<meta property=\"og:type\" content=\"article\" \/>\n<meta property=\"og:title\" content=\"\u00a1Empieza a entrenar! - Entrevista a William Wolf - El Blog de Fitshop\" \/>\n<meta property=\"og:description\" content=\"Si quieres empezar a entrenar, puede que esta entrevista que nuestro compa\u00f1ero Luca ha realizado a otro de nuestros compa\u00f1eros, William Wolf, te interese.\" \/>\n<meta property=\"og:url\" content=\"https:\/\/www.fitshop.es\/blog\/empieza-a-entrenar-entrevista-a-william-wolf\/\" \/>\n<meta property=\"og:site_name\" content=\"El Blog de Fitshop\" \/>\n<meta property=\"article:publisher\" content=\"https:\/\/www.facebook.com\/FitshopES\" \/>\n<meta property=\"article:published_time\" content=\"2019-06-16T07:00:00+00:00\" \/>\n<meta property=\"article:modified_time\" content=\"2019-06-16T11:35:02+00:00\" \/>\n<meta property=\"og:image\" content=\"https:\/\/www.fitshop.es\/blog\/wp-content\/uploads\/2019\/05\/178_Empieza-a-entrenar.jpg\" \/>\n\t<meta property=\"og:image:width\" content=\"1024\" \/>\n\t<meta property=\"og:image:height\" content=\"512\" \/>\n\t<meta property=\"og:image:type\" content=\"image\/jpeg\" \/>\n<meta name=\"author\" content=\"Maikel S\u00e1nchez\" \/>\n<meta name=\"twitter:card\" content=\"summary_large_image\" \/>\n<meta name=\"twitter:creator\" content=\"@FitshopES\" \/>\n<meta name=\"twitter:site\" content=\"@FitshopES\" \/>\n<meta name=\"twitter:label1\" content=\"Escrito por\" \/>\n\t<meta name=\"twitter:data1\" content=\"Maikel S\u00e1nchez\" \/>\n\t<meta name=\"twitter:label2\" content=\"Tiempo de lectura\" \/>\n\t<meta name=\"twitter:data2\" content=\"11 minutos\" \/>\n<script type=\"application\/ld+json\" class=\"yoast-schema-graph\">{\"@context\":\"https:\\\/\\\/schema.org\",\"@graph\":[{\"@type\":\"Article\",\"@id\":\"https:\\\/\\\/www.fitshop.es\\\/blog\\\/empieza-a-entrenar-entrevista-a-william-wolf\\\/#article\",\"isPartOf\":{\"@id\":\"https:\\\/\\\/www.fitshop.es\\\/blog\\\/empieza-a-entrenar-entrevista-a-william-wolf\\\/\"},\"author\":{\"name\":\"Maikel S\u00e1nchez\",\"@id\":\"https:\\\/\\\/www.fitshop.es\\\/blog\\\/#\\\/schema\\\/person\\\/5c7793bfdb6624a29533936f28f40bf2\"},\"headline\":\"\u00a1Empieza a entrenar! &#8211; Entrevista a William Wolf\",\"datePublished\":\"2019-06-16T07:00:00+00:00\",\"dateModified\":\"2019-06-16T11:35:02+00:00\",\"mainEntityOfPage\":{\"@id\":\"https:\\\/\\\/www.fitshop.es\\\/blog\\\/empieza-a-entrenar-entrevista-a-william-wolf\\\/\"},\"wordCount\":2139,\"commentCount\":0,\"publisher\":{\"@id\":\"https:\\\/\\\/www.fitshop.es\\\/blog\\\/#organization\"},\"image\":{\"@id\":\"https:\\\/\\\/www.fitshop.es\\\/blog\\\/empieza-a-entrenar-entrevista-a-william-wolf\\\/#primaryimage\"},\"thumbnailUrl\":\"https:\\\/\\\/www.fitshop.es\\\/blog\\\/wp-content\\\/uploads\\\/2019\\\/05\\\/178_Empieza-a-entrenar.jpg\",\"keywords\":[\"cardio\",\"desarrollo muscular\",\"entrenamiento de fuerza\",\"musculaci\u00f3n\"],\"inLanguage\":\"es\",\"potentialAction\":[{\"@type\":\"CommentAction\",\"name\":\"Comment\",\"target\":[\"https:\\\/\\\/www.fitshop.es\\\/blog\\\/empieza-a-entrenar-entrevista-a-william-wolf\\\/#respond\"]}]},{\"@type\":\"WebPage\",\"@id\":\"https:\\\/\\\/www.fitshop.es\\\/blog\\\/empieza-a-entrenar-entrevista-a-william-wolf\\\/\",\"url\":\"https:\\\/\\\/www.fitshop.es\\\/blog\\\/empieza-a-entrenar-entrevista-a-william-wolf\\\/\",\"name\":\"\u00a1Empieza a entrenar! - Entrevista a William Wolf - El Blog de Fitshop\",\"isPartOf\":{\"@id\":\"https:\\\/\\\/www.fitshop.es\\\/blog\\\/#website\"},\"primaryImageOfPage\":{\"@id\":\"https:\\\/\\\/www.fitshop.es\\\/blog\\\/empieza-a-entrenar-entrevista-a-william-wolf\\\/#primaryimage\"},\"image\":{\"@id\":\"https:\\\/\\\/www.fitshop.es\\\/blog\\\/empieza-a-entrenar-entrevista-a-william-wolf\\\/#primaryimage\"},\"thumbnailUrl\":\"https:\\\/\\\/www.fitshop.es\\\/blog\\\/wp-content\\\/uploads\\\/2019\\\/05\\\/178_Empieza-a-entrenar.jpg\",\"datePublished\":\"2019-06-16T07:00:00+00:00\",\"dateModified\":\"2019-06-16T11:35:02+00:00\",\"description\":\"Si quieres empezar a entrenar, puede que esta entrevista que nuestro compa\u00f1ero Luca ha realizado a otro de nuestros compa\u00f1eros, William Wolf, te interese.\",\"breadcrumb\":{\"@id\":\"https:\\\/\\\/www.fitshop.es\\\/blog\\\/empieza-a-entrenar-entrevista-a-william-wolf\\\/#breadcrumb\"},\"inLanguage\":\"es\",\"potentialAction\":[{\"@type\":\"ReadAction\",\"target\":[\"https:\\\/\\\/www.fitshop.es\\\/blog\\\/empieza-a-entrenar-entrevista-a-william-wolf\\\/\"]}]},{\"@type\":\"ImageObject\",\"inLanguage\":\"es\",\"@id\":\"https:\\\/\\\/www.fitshop.es\\\/blog\\\/empieza-a-entrenar-entrevista-a-william-wolf\\\/#primaryimage\",\"url\":\"https:\\\/\\\/www.fitshop.es\\\/blog\\\/wp-content\\\/uploads\\\/2019\\\/05\\\/178_Empieza-a-entrenar.jpg\",\"contentUrl\":\"https:\\\/\\\/www.fitshop.es\\\/blog\\\/wp-content\\\/uploads\\\/2019\\\/05\\\/178_Empieza-a-entrenar.jpg\",\"width\":1024,\"height\":512,\"caption\":\"Empieza a entrenar\"},{\"@type\":\"BreadcrumbList\",\"@id\":\"https:\\\/\\\/www.fitshop.es\\\/blog\\\/empieza-a-entrenar-entrevista-a-william-wolf\\\/#breadcrumb\",\"itemListElement\":[{\"@type\":\"ListItem\",\"position\":1,\"name\":\"Home\",\"item\":\"https:\\\/\\\/www.fitshop.es\\\/blog\\\/\"},{\"@type\":\"ListItem\",\"position\":2,\"name\":\"\u00a1Empieza a entrenar! &#8211; Entrevista a William Wolf\"}]},{\"@type\":\"WebSite\",\"@id\":\"https:\\\/\\\/www.fitshop.es\\\/blog\\\/#website\",\"url\":\"https:\\\/\\\/www.fitshop.es\\\/blog\\\/\",\"name\":\"El Blog de Fitshop\",\"description\":\"N\u00ba 1 en Europa para el Fitness dom\u00e9stico\",\"publisher\":{\"@id\":\"https:\\\/\\\/www.fitshop.es\\\/blog\\\/#organization\"},\"potentialAction\":[{\"@type\":\"SearchAction\",\"target\":{\"@type\":\"EntryPoint\",\"urlTemplate\":\"https:\\\/\\\/www.fitshop.es\\\/blog\\\/?s={search_term_string}\"},\"query-input\":{\"@type\":\"PropertyValueSpecification\",\"valueRequired\":true,\"valueName\":\"search_term_string\"}}],\"inLanguage\":\"es\"},{\"@type\":\"Organization\",\"@id\":\"https:\\\/\\\/www.fitshop.es\\\/blog\\\/#organization\",\"name\":\"Fitshop.es\",\"url\":\"https:\\\/\\\/www.fitshop.es\\\/blog\\\/\",\"logo\":{\"@type\":\"ImageObject\",\"inLanguage\":\"es\",\"@id\":\"https:\\\/\\\/www.fitshop.es\\\/blog\\\/#\\\/schema\\\/logo\\\/image\\\/\",\"url\":\"https:\\\/\\\/www.fitshop.es\\\/blog\\\/wp-content\\\/uploads\\\/2023\\\/05\\\/logo-fitshop.png\",\"contentUrl\":\"https:\\\/\\\/www.fitshop.es\\\/blog\\\/wp-content\\\/uploads\\\/2023\\\/05\\\/logo-fitshop.png\",\"width\":1200,\"height\":630,\"caption\":\"Fitshop.es\"},\"image\":{\"@id\":\"https:\\\/\\\/www.fitshop.es\\\/blog\\\/#\\\/schema\\\/logo\\\/image\\\/\"},\"sameAs\":[\"https:\\\/\\\/www.facebook.com\\\/FitshopES\",\"https:\\\/\\\/x.com\\\/FitshopES\",\"https:\\\/\\\/www.instagram.com\\\/fitshop.es\",\"https:\\\/\\\/www.linkedin.com\\\/showcase\\\/fitshop-iberica\"]},{\"@type\":\"Person\",\"@id\":\"https:\\\/\\\/www.fitshop.es\\\/blog\\\/#\\\/schema\\\/person\\\/5c7793bfdb6624a29533936f28f40bf2\",\"name\":\"Maikel S\u00e1nchez\",\"image\":{\"@type\":\"ImageObject\",\"inLanguage\":\"es\",\"@id\":\"https:\\\/\\\/secure.gravatar.com\\\/avatar\\\/817938271b9cb32a2ee4c03c23c5e4e94da9c3c5bcc28eee9c9baf12a801d245?s=96&d=mm&r=g\",\"url\":\"https:\\\/\\\/secure.gravatar.com\\\/avatar\\\/817938271b9cb32a2ee4c03c23c5e4e94da9c3c5bcc28eee9c9baf12a801d245?s=96&d=mm&r=g\",\"contentUrl\":\"https:\\\/\\\/secure.gravatar.com\\\/avatar\\\/817938271b9cb32a2ee4c03c23c5e4e94da9c3c5bcc28eee9c9baf12a801d245?s=96&d=mm&r=g\",\"caption\":\"Maikel S\u00e1nchez\"},\"description\":\"Maikel S\u00e1nchez es traductor y representante de atenci\u00f3n al cliente en Fitshop. Apasionado del senderismo y la monta\u00f1a, combina su experiencia profesional con su pasi\u00f3n por el fitness. Le gusta entrenar con una mezcla de fuerza y cardio.\",\"url\":\"https:\\\/\\\/www.fitshop.es\\\/blog\\\/author\\\/maikel\\\/\"}]}<\/script>\n<!-- \/ Yoast SEO plugin. -->","yoast_head_json":{"title":"\u00a1Empieza a entrenar! - Entrevista a William Wolf - El Blog de Fitshop","description":"Si quieres empezar a entrenar, puede que esta entrevista que nuestro compa\u00f1ero Luca ha realizado a otro de nuestros compa\u00f1eros, William Wolf, te interese.","robots":{"index":"index","follow":"follow","max-snippet":"max-snippet:-1","max-image-preview":"max-image-preview:large","max-video-preview":"max-video-preview:-1"},"canonical":"https:\/\/www.fitshop.es\/blog\/empieza-a-entrenar-entrevista-a-william-wolf\/","og_locale":"es_ES","og_type":"article","og_title":"\u00a1Empieza a entrenar! - Entrevista a William Wolf - El Blog de Fitshop","og_description":"Si quieres empezar a entrenar, puede que esta entrevista que nuestro compa\u00f1ero Luca ha realizado a otro de nuestros compa\u00f1eros, William Wolf, te interese.","og_url":"https:\/\/www.fitshop.es\/blog\/empieza-a-entrenar-entrevista-a-william-wolf\/","og_site_name":"El Blog de Fitshop","article_publisher":"https:\/\/www.facebook.com\/FitshopES","article_published_time":"2019-06-16T07:00:00+00:00","article_modified_time":"2019-06-16T11:35:02+00:00","og_image":[{"width":1024,"height":512,"url":"https:\/\/www.fitshop.es\/blog\/wp-content\/uploads\/2019\/05\/178_Empieza-a-entrenar.jpg","type":"image\/jpeg"}],"author":"Maikel S\u00e1nchez","twitter_card":"summary_large_image","twitter_creator":"@FitshopES","twitter_site":"@FitshopES","twitter_misc":{"Escrito por":"Maikel S\u00e1nchez","Tiempo de lectura":"11 minutos"},"schema":{"@context":"https:\/\/schema.org","@graph":[{"@type":"Article","@id":"https:\/\/www.fitshop.es\/blog\/empieza-a-entrenar-entrevista-a-william-wolf\/#article","isPartOf":{"@id":"https:\/\/www.fitshop.es\/blog\/empieza-a-entrenar-entrevista-a-william-wolf\/"},"author":{"name":"Maikel S\u00e1nchez","@id":"https:\/\/www.fitshop.es\/blog\/#\/schema\/person\/5c7793bfdb6624a29533936f28f40bf2"},"headline":"\u00a1Empieza a entrenar! &#8211; Entrevista a William Wolf","datePublished":"2019-06-16T07:00:00+00:00","dateModified":"2019-06-16T11:35:02+00:00","mainEntityOfPage":{"@id":"https:\/\/www.fitshop.es\/blog\/empieza-a-entrenar-entrevista-a-william-wolf\/"},"wordCount":2139,"commentCount":0,"publisher":{"@id":"https:\/\/www.fitshop.es\/blog\/#organization"},"image":{"@id":"https:\/\/www.fitshop.es\/blog\/empieza-a-entrenar-entrevista-a-william-wolf\/#primaryimage"},"thumbnailUrl":"https:\/\/www.fitshop.es\/blog\/wp-content\/uploads\/2019\/05\/178_Empieza-a-entrenar.jpg","keywords":["cardio","desarrollo muscular","entrenamiento de fuerza","musculaci\u00f3n"],"inLanguage":"es","potentialAction":[{"@type":"CommentAction","name":"Comment","target":["https:\/\/www.fitshop.es\/blog\/empieza-a-entrenar-entrevista-a-william-wolf\/#respond"]}]},{"@type":"WebPage","@id":"https:\/\/www.fitshop.es\/blog\/empieza-a-entrenar-entrevista-a-william-wolf\/","url":"https:\/\/www.fitshop.es\/blog\/empieza-a-entrenar-entrevista-a-william-wolf\/","name":"\u00a1Empieza a entrenar! - Entrevista a William Wolf - El Blog de Fitshop","isPartOf":{"@id":"https:\/\/www.fitshop.es\/blog\/#website"},"primaryImageOfPage":{"@id":"https:\/\/www.fitshop.es\/blog\/empieza-a-entrenar-entrevista-a-william-wolf\/#primaryimage"},"image":{"@id":"https:\/\/www.fitshop.es\/blog\/empieza-a-entrenar-entrevista-a-william-wolf\/#primaryimage"},"thumbnailUrl":"https:\/\/www.fitshop.es\/blog\/wp-content\/uploads\/2019\/05\/178_Empieza-a-entrenar.jpg","datePublished":"2019-06-16T07:00:00+00:00","dateModified":"2019-06-16T11:35:02+00:00","description":"Si quieres empezar a entrenar, puede que esta entrevista que nuestro compa\u00f1ero Luca ha realizado a otro de nuestros compa\u00f1eros, William Wolf, te interese.","breadcrumb":{"@id":"https:\/\/www.fitshop.es\/blog\/empieza-a-entrenar-entrevista-a-william-wolf\/#breadcrumb"},"inLanguage":"es","potentialAction":[{"@type":"ReadAction","target":["https:\/\/www.fitshop.es\/blog\/empieza-a-entrenar-entrevista-a-william-wolf\/"]}]},{"@type":"ImageObject","inLanguage":"es","@id":"https:\/\/www.fitshop.es\/blog\/empieza-a-entrenar-entrevista-a-william-wolf\/#primaryimage","url":"https:\/\/www.fitshop.es\/blog\/wp-content\/uploads\/2019\/05\/178_Empieza-a-entrenar.jpg","contentUrl":"https:\/\/www.fitshop.es\/blog\/wp-content\/uploads\/2019\/05\/178_Empieza-a-entrenar.jpg","width":1024,"height":512,"caption":"Empieza a entrenar"},{"@type":"BreadcrumbList","@id":"https:\/\/www.fitshop.es\/blog\/empieza-a-entrenar-entrevista-a-william-wolf\/#breadcrumb","itemListElement":[{"@type":"ListItem","position":1,"name":"Home","item":"https:\/\/www.fitshop.es\/blog\/"},{"@type":"ListItem","position":2,"name":"\u00a1Empieza a entrenar! &#8211; Entrevista a William Wolf"}]},{"@type":"WebSite","@id":"https:\/\/www.fitshop.es\/blog\/#website","url":"https:\/\/www.fitshop.es\/blog\/","name":"El Blog de Fitshop","description":"N\u00ba 1 en Europa para el Fitness dom\u00e9stico","publisher":{"@id":"https:\/\/www.fitshop.es\/blog\/#organization"},"potentialAction":[{"@type":"SearchAction","target":{"@type":"EntryPoint","urlTemplate":"https:\/\/www.fitshop.es\/blog\/?s={search_term_string}"},"query-input":{"@type":"PropertyValueSpecification","valueRequired":true,"valueName":"search_term_string"}}],"inLanguage":"es"},{"@type":"Organization","@id":"https:\/\/www.fitshop.es\/blog\/#organization","name":"Fitshop.es","url":"https:\/\/www.fitshop.es\/blog\/","logo":{"@type":"ImageObject","inLanguage":"es","@id":"https:\/\/www.fitshop.es\/blog\/#\/schema\/logo\/image\/","url":"https:\/\/www.fitshop.es\/blog\/wp-content\/uploads\/2023\/05\/logo-fitshop.png","contentUrl":"https:\/\/www.fitshop.es\/blog\/wp-content\/uploads\/2023\/05\/logo-fitshop.png","width":1200,"height":630,"caption":"Fitshop.es"},"image":{"@id":"https:\/\/www.fitshop.es\/blog\/#\/schema\/logo\/image\/"},"sameAs":["https:\/\/www.facebook.com\/FitshopES","https:\/\/x.com\/FitshopES","https:\/\/www.instagram.com\/fitshop.es","https:\/\/www.linkedin.com\/showcase\/fitshop-iberica"]},{"@type":"Person","@id":"https:\/\/www.fitshop.es\/blog\/#\/schema\/person\/5c7793bfdb6624a29533936f28f40bf2","name":"Maikel S\u00e1nchez","image":{"@type":"ImageObject","inLanguage":"es","@id":"https:\/\/secure.gravatar.com\/avatar\/817938271b9cb32a2ee4c03c23c5e4e94da9c3c5bcc28eee9c9baf12a801d245?s=96&d=mm&r=g","url":"https:\/\/secure.gravatar.com\/avatar\/817938271b9cb32a2ee4c03c23c5e4e94da9c3c5bcc28eee9c9baf12a801d245?s=96&d=mm&r=g","contentUrl":"https:\/\/secure.gravatar.com\/avatar\/817938271b9cb32a2ee4c03c23c5e4e94da9c3c5bcc28eee9c9baf12a801d245?s=96&d=mm&r=g","caption":"Maikel S\u00e1nchez"},"description":"Maikel S\u00e1nchez es traductor y representante de atenci\u00f3n al cliente en Fitshop. Apasionado del senderismo y la monta\u00f1a, combina su experiencia profesional con su pasi\u00f3n por el fitness. Le gusta entrenar con una mezcla de fuerza y cardio.","url":"https:\/\/www.fitshop.es\/blog\/author\/maikel\/"}]}},"_links":{"self":[{"href":"https:\/\/www.fitshop.es\/blog\/wp-json\/wp\/v2\/posts\/1531","targetHints":{"allow":["GET"]}}],"collection":[{"href":"https:\/\/www.fitshop.es\/blog\/wp-json\/wp\/v2\/posts"}],"about":[{"href":"https:\/\/www.fitshop.es\/blog\/wp-json\/wp\/v2\/types\/post"}],"author":[{"embeddable":true,"href":"https:\/\/www.fitshop.es\/blog\/wp-json\/wp\/v2\/users\/5"}],"replies":[{"embeddable":true,"href":"https:\/\/www.fitshop.es\/blog\/wp-json\/wp\/v2\/comments?post=1531"}],"version-history":[{"count":5,"href":"https:\/\/www.fitshop.es\/blog\/wp-json\/wp\/v2\/posts\/1531\/revisions"}],"predecessor-version":[{"id":1576,"href":"https:\/\/www.fitshop.es\/blog\/wp-json\/wp\/v2\/posts\/1531\/revisions\/1576"}],"wp:featuredmedia":[{"embeddable":true,"href":"https:\/\/www.fitshop.es\/blog\/wp-json\/wp\/v2\/media\/1532"}],"wp:attachment":[{"href":"https:\/\/www.fitshop.es\/blog\/wp-json\/wp\/v2\/media?parent=1531"}],"wp:term":[{"taxonomy":"category","embeddable":true,"href":"https:\/\/www.fitshop.es\/blog\/wp-json\/wp\/v2\/categories?post=1531"},{"taxonomy":"post_tag","embeddable":true,"href":"https:\/\/www.fitshop.es\/blog\/wp-json\/wp\/v2\/tags?post=1531"}],"curies":[{"name":"wp","href":"https:\/\/api.w.org\/{rel}","templated":true}]}}