{"id":2066,"date":"2019-11-17T09:00:31","date_gmt":"2019-11-17T08:00:31","guid":{"rendered":"https:\/\/www.fitshop.es\/blog\/?p=2066"},"modified":"2019-11-08T16:30:26","modified_gmt":"2019-11-08T15:30:26","slug":"aumento-de-peso-y-falta-de-sueno","status":"publish","type":"post","link":"https:\/\/www.fitshop.es\/blog\/aumento-de-peso-y-falta-de-sueno\/","title":{"rendered":"Aumento de peso asociado a la falta de sue\u00f1o"},"content":{"rendered":"<p>Cada vez hay m\u00e1s personas que sufren insomnio, y tambi\u00e9n sobrepeso. Tener sobrepeso y dormir poco, en lugar de dormir bien y mantener el peso a raya, es una realidad que afecta a casi una de cada cuatro personas. En este art\u00edculo queremos repasar la relaci\u00f3n existente entre la falta de sue\u00f1o y el sobrepeso. Adem\u00e1s te daremos pautas para que puedas recuperar la higiene del sue\u00f1o.<!--more--><\/p>\n<h2 class=\"western\"><a name=\"more-9846\"><\/a>Nunca antes el conjunto de la poblaci\u00f3n hab\u00eda tenido mayor sobrepeso que en el siglo XXI.<\/h2>\n<p>Este es un importante punto de partida para abordar este tema. Y las pruebas de ello tienen un gran peso. La Organizaci\u00f3n Mundial de la Salud (OMS) calcula que actualmente cerca de dos mil millones de personas sufren sobrepeso. Un tercio de ellas llegan incluso a la obesidad. Hace apenas 40 a\u00f1os eran menos de la mitad las personas con un peso superior al recomendado.<\/p>\n<p>\u00bfC\u00f3mo hemos llegado a esta explosi\u00f3n de peso pand\u00e9mica? La conclusi\u00f3n de los expertos pasa por una poblaci\u00f3n en constante crecimiento que consume hoy m\u00e1s calor\u00edas de las que quema. Uno de los motivos para ello es que nunca antes hab\u00eda sido tan sencillo conseguir calor\u00edas. Los alimentos con gran densidad energ\u00e9tica (alto contenido de sal, az\u00facar y grasa) nunca hab\u00edan sido tan baratos como ahora, adem\u00e1s de tan f\u00e1ciles de conseguir.<\/p>\n<h2 class=\"western\">Desequilibrio entre vida y trabajo<\/h2>\n<div id=\"attachment_9855\" style=\"width: 310px\" class=\"wp-caption alignright\"><img loading=\"lazy\" decoding=\"async\" aria-describedby=\"caption-attachment-9855\" class=\"wp-image-9855 size-medium\" title=\"Ordenador en la cama\" src=\"https:\/\/www.sport-tiedje.de\/blog\/wp-content\/uploads\/2017\/03\/apple-691323_640-300x200.jpg\" sizes=\"auto, (max-width: 300px) 100vw, 300px\" srcset=\"https:\/\/www.sport-tiedje.de\/blog\/wp-content\/uploads\/2017\/03\/apple-691323_640-300x200.jpg 300w, https:\/\/www.sport-tiedje.de\/blog\/wp-content\/uploads\/2017\/03\/apple-691323_640-624x415.jpg 624w, https:\/\/www.sport-tiedje.de\/blog\/wp-content\/uploads\/2017\/03\/apple-691323_640.jpg 640w\" alt=\"Ordenador en la cama\" width=\"300\" height=\"200\" aria-describedby=\"caption-attachment-9855\" \/><p id=\"caption-attachment-9855\" class=\"wp-caption-text\">Un motivo para la falta de sue\u00f1o: contestar emails a \u00faltima hora del d\u00eda<\/p><\/div>\n<p>Junto con un aumento en la actividad de oficina, en la que la actividad f\u00edsica disminuye, se dibuja un desarrollo en el que el resultado no deber\u00eda sorprender a nadie. Sin embargo, hace tiempo que el peligro no s\u00f3lo reside en la sobre alimentaci\u00f3n y la falta de actividad f\u00edsica. Cada vez est\u00e1 cobrando mayor relevancia la relaci\u00f3n entre el peso y la falta de sue\u00f1o.<\/p>\n<p>En la era de la <em>ubicuidad<\/em> comunicativa del ser humano, en la que estamos disponibles para todo, para todos y en cualquier momento, ni se nos pasa por la cabeza dejar fuera de la habitaci\u00f3n el smartphone, el port\u00e1til o la tablet. El resultado es que el trabajo y el d\u00eda en s\u00ed son cada vez m\u00e1s largos, debido al intercambio de emails de \u00faltima hora o los chats nocturnos por Facebook. E incluso si los l\u00edmites de nuestra accesibilidad han pasado a ser caprichosos y esquematizados, los jefes a\u00fan tienen una idea muy clara de cu\u00e1ndo estaremos en nuestro puesto de trabajo por la ma\u00f1ana.<\/p>\n<p>El sue\u00f1o es cada vez m\u00e1s algo marginal, y esto hace que la falta de sue\u00f1o se est\u00e9 convirtiendo en una preocupaci\u00f3n importante para nuestra salud. Se sospecha que la falta de sue\u00f1o puede aumentar el riesgo de sufrir enfermedades cardiovasculares, diabetes o Alzheimer.<\/p>\n<h2 class=\"western\">5 motivos que explican por qu\u00e9 la falta de sue\u00f1o engorda<\/h2>\n<p>Seg\u00fan los resultados de distintos estudios cient\u00edficos, la falta de sue\u00f1o puede llevar a corto o largo plazo a un aumento del peso. El hecho de que se gane peso cuando no se duerme lo suficiente, est\u00e1 directamente relacionado con las siguientes causas:<\/p>\n<h5 class=\"western\">1) Menos sue\u00f1o = m\u00e1s tiempo para comer<\/h5>\n<p>Es bastante claro y no hace falta explicar demasiado. Cuanto m\u00e1s tiempo pasamos despiertos, m\u00e1s propensos somos a caer en tentaciones como helado, pastel, pizza, chocolate&#8230; Por lo tanto, para quienes se van pronto a la cama, esas calor\u00edas adicionales llegar\u00e1n demasiado tarde.<\/p>\n<h5 class=\"western\">2) Hormonas \u00abbuenas\u00bb, hormonas \u00abmalas\u00bb<\/h5>\n<p>Hay dos hormonas en nuestro cuerpo que tienen una influencia esencial sobre la sensaci\u00f3n de hambre y las ganas de comer: la leptinas es una \u00absupresora del apetito\u00bb y la grelina es su contraria. La leptina se forma b\u00e1sicamente en nuestras c\u00e9lulas adiposas e informan a nuestro cerebro sobre cu\u00e1ndo nuestro cuerpo cuenta con la energ\u00eda suficiente. A partir de ah\u00ed, llega a nuestro cuerpo este mensaje de que puede dejar de alimentarse. La falta de sue\u00f1o conduce por un lado a un nivel bajo de leptina y por otro lado lleva a una producci\u00f3n aumentada de grelina, generando as\u00ed mayor apetito y hambre.<\/p>\n<h5 class=\"western\">3) Ganas irresistibles de comida r\u00e1pida<\/h5>\n<p><img loading=\"lazy\" decoding=\"async\" class=\"alignleft wp-image-9859 \" title=\"falta de sue\u00f1o: comida r\u00e1pida\" src=\"https:\/\/www.sport-tiedje.de\/blog\/wp-content\/uploads\/2017\/03\/burger-1835192_640-300x199.jpg\" sizes=\"auto, (max-width: 300px) 100vw, 300px\" srcset=\"https:\/\/www.sport-tiedje.de\/blog\/wp-content\/uploads\/2017\/03\/burger-1835192_640-300x199.jpg 300w, https:\/\/www.sport-tiedje.de\/blog\/wp-content\/uploads\/2017\/03\/burger-1835192_640-624x414.jpg 624w, https:\/\/www.sport-tiedje.de\/blog\/wp-content\/uploads\/2017\/03\/burger-1835192_640.jpg 640w\" alt=\"falta de sue\u00f1o: comida r\u00e1pida\" width=\"255\" height=\"169\" aria-describedby=\"caption-attachment-9859\" \/>Seg\u00fan la opini\u00f3n de muchos expertos, la falta de sue\u00f1o aumenta adem\u00e1s las ganas de ingerir alimentos de alto contenido energ\u00e9tico, como pueden ser los productos de la comida r\u00e1pida. Todos sabemos que las hamburguesas, patatas fritas y C\u00eda. est\u00e1n riqu\u00edsimas, pero que tienen una gran cantidad de calor\u00edas, adem\u00e1s de no saciar durante mucho tiempo. Y esto por no hablar del colesterol y dem\u00e1s,<\/p>\n<h5 class=\"western\">4) Falta de sue\u00f1o y \u00abfr\u00edo interior\u00bb<\/h5>\n<p>Las personas que no duermen lo suficiente corren el riesgo de que su temperatura corporal baje m\u00e1s de lo que debiera. Esto puede hacer que el cuerpo se vea obligado a aprovechar las reservas de energ\u00eda, cuyo uso regula la temperatura del cuerpo, pero al mismo tiempo conduce a un aumento de la fatiga. Por ello dichas personas no suelen tener ganas de hacer uso de <a href=\"https:\/\/www.fitshop.es\/elipticas\" target=\"_blank\" rel=\"noopener noreferrer\">el\u00edpticas<\/a>, <a href=\"https:\/\/www.taurus-fitness.es\/cintas-de-correr\">cintas de correr<\/a>&#8230; que se ocupan de un balance cal\u00f3rico positivo.<\/p>\n<h5 class=\"western\">5) Cansancio como \u00abaniquilador de la motivaci\u00f3n\u00bb<\/h5>\n<p>En cualquier caso no necesitas unos amplios conocimientos sobre termorregulaci\u00f3n del cuerpo humano para entender que la falta de sue\u00f1o y la fatiga desmotivan. Es una pena que los problemas de peso no puedan solucionarse en el sof\u00e1, la cama o la tumbona.<\/p>\n<h2 class=\"western\">Una cuesti\u00f3n de higiene<\/h2>\n<p>Y \u00bfc\u00f3mo puedes aplicar toda esta informaci\u00f3n sobre falta de sue\u00f1o y aumento de peso en tu vida real? Pues intentando adoptar una mejor higiene del sue\u00f1o. Esto supone:<\/p>\n<ul>\n<li>Ir a la cama a una hora regular<\/li>\n<li>Evitar el consumo de caf\u00e9, alcohol, tabaco y otros estimulantes antes de ir a la cama<\/li>\n<li>Prohibir la entrada a la habitaci\u00f3n a TV, tablet, port\u00e1tiles y C\u00eda.<\/li>\n<li>Respetar tu \u00abdespertador\u00bb interno<\/li>\n<\/ul>\n<p>Tambi\u00e9n puede resultarte de inter\u00e9s el tema sobre c\u00f3mo influye el sue\u00f1o en el deporte. <a href=\"https:\/\/www.fitshop.es\/blog\/deporte-y-sueno\/\">Aqu\u00ed<\/a> encontrar\u00e1s dicho art\u00edculo.<\/p>\n","protected":false},"excerpt":{"rendered":"<p>Cada vez hay m\u00e1s personas que sufren insomnio, y tambi\u00e9n sobrepeso. Tener sobrepeso y dormir poco, en lugar de dormir bien y mantener el peso a raya, es una realidad que afecta a casi una de cada cuatro personas. En este art\u00edculo queremos repasar la relaci\u00f3n existente entre la falta de sue\u00f1o y el sobrepeso. [&hellip;]<\/p>\n","protected":false},"author":5,"featured_media":2067,"comment_status":"open","ping_status":"open","sticky":false,"template":"","format":"standard","meta":{"_monsterinsights_skip_tracking":false,"_monsterinsights_sitenote_active":false,"_monsterinsights_sitenote_note":"","_monsterinsights_sitenote_category":0,"footnotes":""},"categories":[1],"tags":[45,32],"class_list":["post-2066","post","type-post","status-publish","format-standard","has-post-thumbnail","hentry","category-sin-categoria","tag-perder-peso","tag-salud"],"yoast_head":"<!-- This site is optimized with the Yoast SEO plugin v27.3 - https:\/\/yoast.com\/product\/yoast-seo-wordpress\/ -->\n<title>Aumento de peso asociado a la falta de sue\u00f1o - El Blog de Fitshop<\/title>\n<meta name=\"description\" content=\"En este art\u00edculo queremos repasar la relaci\u00f3n existente entre la falta de sue\u00f1o y el sobrepeso. \u00bfC\u00f3mo puedes recuperar la higiene del sue\u00f1o?\" \/>\n<meta name=\"robots\" content=\"index, follow, max-snippet:-1, max-image-preview:large, max-video-preview:-1\" \/>\n<link rel=\"canonical\" href=\"https:\/\/www.fitshop.es\/blog\/aumento-de-peso-y-falta-de-sueno\/\" \/>\n<meta property=\"og:locale\" content=\"es_ES\" \/>\n<meta property=\"og:type\" content=\"article\" \/>\n<meta property=\"og:title\" content=\"Aumento de peso asociado a la falta de sue\u00f1o - El Blog de Fitshop\" \/>\n<meta property=\"og:description\" content=\"En este art\u00edculo queremos repasar la relaci\u00f3n existente entre la falta de sue\u00f1o y el sobrepeso. \u00bfC\u00f3mo puedes recuperar la higiene del sue\u00f1o?\" \/>\n<meta property=\"og:url\" content=\"https:\/\/www.fitshop.es\/blog\/aumento-de-peso-y-falta-de-sueno\/\" \/>\n<meta property=\"og:site_name\" content=\"El Blog de Fitshop\" \/>\n<meta property=\"article:publisher\" content=\"https:\/\/www.facebook.com\/FitshopES\" \/>\n<meta property=\"article:published_time\" content=\"2019-11-17T08:00:31+00:00\" \/>\n<meta property=\"og:image\" content=\"https:\/\/www.fitshop.es\/blog\/wp-content\/uploads\/2019\/11\/233_Incremento-de-peso-asociado-a-la-falta-de-sue\u00f1o.jpg\" \/>\n\t<meta property=\"og:image:width\" content=\"1024\" \/>\n\t<meta property=\"og:image:height\" content=\"512\" \/>\n\t<meta property=\"og:image:type\" content=\"image\/jpeg\" \/>\n<meta name=\"author\" content=\"Maikel S\u00e1nchez\" \/>\n<meta name=\"twitter:card\" content=\"summary_large_image\" \/>\n<meta name=\"twitter:creator\" content=\"@FitshopES\" \/>\n<meta name=\"twitter:site\" content=\"@FitshopES\" \/>\n<meta name=\"twitter:label1\" content=\"Escrito por\" \/>\n\t<meta name=\"twitter:data1\" content=\"Maikel S\u00e1nchez\" \/>\n\t<meta name=\"twitter:label2\" content=\"Tiempo de lectura\" \/>\n\t<meta name=\"twitter:data2\" content=\"5 minutos\" \/>\n<script type=\"application\/ld+json\" class=\"yoast-schema-graph\">{\"@context\":\"https:\\\/\\\/schema.org\",\"@graph\":[{\"@type\":\"Article\",\"@id\":\"https:\\\/\\\/www.fitshop.es\\\/blog\\\/aumento-de-peso-y-falta-de-sueno\\\/#article\",\"isPartOf\":{\"@id\":\"https:\\\/\\\/www.fitshop.es\\\/blog\\\/aumento-de-peso-y-falta-de-sueno\\\/\"},\"author\":{\"name\":\"Maikel S\u00e1nchez\",\"@id\":\"https:\\\/\\\/www.fitshop.es\\\/blog\\\/#\\\/schema\\\/person\\\/5c7793bfdb6624a29533936f28f40bf2\"},\"headline\":\"Aumento de peso asociado a la falta de sue\u00f1o\",\"datePublished\":\"2019-11-17T08:00:31+00:00\",\"mainEntityOfPage\":{\"@id\":\"https:\\\/\\\/www.fitshop.es\\\/blog\\\/aumento-de-peso-y-falta-de-sueno\\\/\"},\"wordCount\":1076,\"commentCount\":0,\"publisher\":{\"@id\":\"https:\\\/\\\/www.fitshop.es\\\/blog\\\/#organization\"},\"image\":{\"@id\":\"https:\\\/\\\/www.fitshop.es\\\/blog\\\/aumento-de-peso-y-falta-de-sueno\\\/#primaryimage\"},\"thumbnailUrl\":\"https:\\\/\\\/www.fitshop.es\\\/blog\\\/wp-content\\\/uploads\\\/2019\\\/11\\\/233_Incremento-de-peso-asociado-a-la-falta-de-sue\u00f1o.jpg\",\"keywords\":[\"perder peso\",\"salud\"],\"inLanguage\":\"es\",\"potentialAction\":[{\"@type\":\"CommentAction\",\"name\":\"Comment\",\"target\":[\"https:\\\/\\\/www.fitshop.es\\\/blog\\\/aumento-de-peso-y-falta-de-sueno\\\/#respond\"]}]},{\"@type\":\"WebPage\",\"@id\":\"https:\\\/\\\/www.fitshop.es\\\/blog\\\/aumento-de-peso-y-falta-de-sueno\\\/\",\"url\":\"https:\\\/\\\/www.fitshop.es\\\/blog\\\/aumento-de-peso-y-falta-de-sueno\\\/\",\"name\":\"Aumento de peso asociado a la falta de sue\u00f1o - El Blog de Fitshop\",\"isPartOf\":{\"@id\":\"https:\\\/\\\/www.fitshop.es\\\/blog\\\/#website\"},\"primaryImageOfPage\":{\"@id\":\"https:\\\/\\\/www.fitshop.es\\\/blog\\\/aumento-de-peso-y-falta-de-sueno\\\/#primaryimage\"},\"image\":{\"@id\":\"https:\\\/\\\/www.fitshop.es\\\/blog\\\/aumento-de-peso-y-falta-de-sueno\\\/#primaryimage\"},\"thumbnailUrl\":\"https:\\\/\\\/www.fitshop.es\\\/blog\\\/wp-content\\\/uploads\\\/2019\\\/11\\\/233_Incremento-de-peso-asociado-a-la-falta-de-sue\u00f1o.jpg\",\"datePublished\":\"2019-11-17T08:00:31+00:00\",\"description\":\"En este art\u00edculo queremos repasar la relaci\u00f3n existente entre la falta de sue\u00f1o y el sobrepeso. \u00bfC\u00f3mo puedes recuperar la higiene del sue\u00f1o?\",\"breadcrumb\":{\"@id\":\"https:\\\/\\\/www.fitshop.es\\\/blog\\\/aumento-de-peso-y-falta-de-sueno\\\/#breadcrumb\"},\"inLanguage\":\"es\",\"potentialAction\":[{\"@type\":\"ReadAction\",\"target\":[\"https:\\\/\\\/www.fitshop.es\\\/blog\\\/aumento-de-peso-y-falta-de-sueno\\\/\"]}]},{\"@type\":\"ImageObject\",\"inLanguage\":\"es\",\"@id\":\"https:\\\/\\\/www.fitshop.es\\\/blog\\\/aumento-de-peso-y-falta-de-sueno\\\/#primaryimage\",\"url\":\"https:\\\/\\\/www.fitshop.es\\\/blog\\\/wp-content\\\/uploads\\\/2019\\\/11\\\/233_Incremento-de-peso-asociado-a-la-falta-de-sue\u00f1o.jpg\",\"contentUrl\":\"https:\\\/\\\/www.fitshop.es\\\/blog\\\/wp-content\\\/uploads\\\/2019\\\/11\\\/233_Incremento-de-peso-asociado-a-la-falta-de-sue\u00f1o.jpg\",\"width\":1024,\"height\":512,\"caption\":\"Incremento de peso asociado a la falta de sue\u00f1o\"},{\"@type\":\"BreadcrumbList\",\"@id\":\"https:\\\/\\\/www.fitshop.es\\\/blog\\\/aumento-de-peso-y-falta-de-sueno\\\/#breadcrumb\",\"itemListElement\":[{\"@type\":\"ListItem\",\"position\":1,\"name\":\"Home\",\"item\":\"https:\\\/\\\/www.fitshop.es\\\/blog\\\/\"},{\"@type\":\"ListItem\",\"position\":2,\"name\":\"Aumento de peso asociado a la falta de sue\u00f1o\"}]},{\"@type\":\"WebSite\",\"@id\":\"https:\\\/\\\/www.fitshop.es\\\/blog\\\/#website\",\"url\":\"https:\\\/\\\/www.fitshop.es\\\/blog\\\/\",\"name\":\"El Blog de Fitshop\",\"description\":\"N\u00ba 1 en Europa para el Fitness dom\u00e9stico\",\"publisher\":{\"@id\":\"https:\\\/\\\/www.fitshop.es\\\/blog\\\/#organization\"},\"potentialAction\":[{\"@type\":\"SearchAction\",\"target\":{\"@type\":\"EntryPoint\",\"urlTemplate\":\"https:\\\/\\\/www.fitshop.es\\\/blog\\\/?s={search_term_string}\"},\"query-input\":{\"@type\":\"PropertyValueSpecification\",\"valueRequired\":true,\"valueName\":\"search_term_string\"}}],\"inLanguage\":\"es\"},{\"@type\":\"Organization\",\"@id\":\"https:\\\/\\\/www.fitshop.es\\\/blog\\\/#organization\",\"name\":\"Fitshop.es\",\"url\":\"https:\\\/\\\/www.fitshop.es\\\/blog\\\/\",\"logo\":{\"@type\":\"ImageObject\",\"inLanguage\":\"es\",\"@id\":\"https:\\\/\\\/www.fitshop.es\\\/blog\\\/#\\\/schema\\\/logo\\\/image\\\/\",\"url\":\"https:\\\/\\\/www.fitshop.es\\\/blog\\\/wp-content\\\/uploads\\\/2023\\\/05\\\/logo-fitshop.png\",\"contentUrl\":\"https:\\\/\\\/www.fitshop.es\\\/blog\\\/wp-content\\\/uploads\\\/2023\\\/05\\\/logo-fitshop.png\",\"width\":1200,\"height\":630,\"caption\":\"Fitshop.es\"},\"image\":{\"@id\":\"https:\\\/\\\/www.fitshop.es\\\/blog\\\/#\\\/schema\\\/logo\\\/image\\\/\"},\"sameAs\":[\"https:\\\/\\\/www.facebook.com\\\/FitshopES\",\"https:\\\/\\\/x.com\\\/FitshopES\",\"https:\\\/\\\/www.instagram.com\\\/fitshop.es\",\"https:\\\/\\\/www.linkedin.com\\\/showcase\\\/fitshop-iberica\"]},{\"@type\":\"Person\",\"@id\":\"https:\\\/\\\/www.fitshop.es\\\/blog\\\/#\\\/schema\\\/person\\\/5c7793bfdb6624a29533936f28f40bf2\",\"name\":\"Maikel S\u00e1nchez\",\"image\":{\"@type\":\"ImageObject\",\"inLanguage\":\"es\",\"@id\":\"https:\\\/\\\/secure.gravatar.com\\\/avatar\\\/817938271b9cb32a2ee4c03c23c5e4e94da9c3c5bcc28eee9c9baf12a801d245?s=96&d=mm&r=g\",\"url\":\"https:\\\/\\\/secure.gravatar.com\\\/avatar\\\/817938271b9cb32a2ee4c03c23c5e4e94da9c3c5bcc28eee9c9baf12a801d245?s=96&d=mm&r=g\",\"contentUrl\":\"https:\\\/\\\/secure.gravatar.com\\\/avatar\\\/817938271b9cb32a2ee4c03c23c5e4e94da9c3c5bcc28eee9c9baf12a801d245?s=96&d=mm&r=g\",\"caption\":\"Maikel S\u00e1nchez\"},\"description\":\"Maikel S\u00e1nchez es traductor y representante de atenci\u00f3n al cliente en Fitshop. Apasionado del senderismo y la monta\u00f1a, combina su experiencia profesional con su pasi\u00f3n por el fitness. Le gusta entrenar con una mezcla de fuerza y cardio.\",\"url\":\"https:\\\/\\\/www.fitshop.es\\\/blog\\\/author\\\/maikel\\\/\"}]}<\/script>\n<!-- \/ Yoast SEO plugin. -->","yoast_head_json":{"title":"Aumento de peso asociado a la falta de sue\u00f1o - El Blog de Fitshop","description":"En este art\u00edculo queremos repasar la relaci\u00f3n existente entre la falta de sue\u00f1o y el sobrepeso. \u00bfC\u00f3mo puedes recuperar la higiene del sue\u00f1o?","robots":{"index":"index","follow":"follow","max-snippet":"max-snippet:-1","max-image-preview":"max-image-preview:large","max-video-preview":"max-video-preview:-1"},"canonical":"https:\/\/www.fitshop.es\/blog\/aumento-de-peso-y-falta-de-sueno\/","og_locale":"es_ES","og_type":"article","og_title":"Aumento de peso asociado a la falta de sue\u00f1o - El Blog de Fitshop","og_description":"En este art\u00edculo queremos repasar la relaci\u00f3n existente entre la falta de sue\u00f1o y el sobrepeso. \u00bfC\u00f3mo puedes recuperar la higiene del sue\u00f1o?","og_url":"https:\/\/www.fitshop.es\/blog\/aumento-de-peso-y-falta-de-sueno\/","og_site_name":"El Blog de Fitshop","article_publisher":"https:\/\/www.facebook.com\/FitshopES","article_published_time":"2019-11-17T08:00:31+00:00","og_image":[{"width":1024,"height":512,"url":"https:\/\/www.fitshop.es\/blog\/wp-content\/uploads\/2019\/11\/233_Incremento-de-peso-asociado-a-la-falta-de-sue\u00f1o.jpg","type":"image\/jpeg"}],"author":"Maikel S\u00e1nchez","twitter_card":"summary_large_image","twitter_creator":"@FitshopES","twitter_site":"@FitshopES","twitter_misc":{"Escrito por":"Maikel S\u00e1nchez","Tiempo de lectura":"5 minutos"},"schema":{"@context":"https:\/\/schema.org","@graph":[{"@type":"Article","@id":"https:\/\/www.fitshop.es\/blog\/aumento-de-peso-y-falta-de-sueno\/#article","isPartOf":{"@id":"https:\/\/www.fitshop.es\/blog\/aumento-de-peso-y-falta-de-sueno\/"},"author":{"name":"Maikel S\u00e1nchez","@id":"https:\/\/www.fitshop.es\/blog\/#\/schema\/person\/5c7793bfdb6624a29533936f28f40bf2"},"headline":"Aumento de peso asociado a la falta de sue\u00f1o","datePublished":"2019-11-17T08:00:31+00:00","mainEntityOfPage":{"@id":"https:\/\/www.fitshop.es\/blog\/aumento-de-peso-y-falta-de-sueno\/"},"wordCount":1076,"commentCount":0,"publisher":{"@id":"https:\/\/www.fitshop.es\/blog\/#organization"},"image":{"@id":"https:\/\/www.fitshop.es\/blog\/aumento-de-peso-y-falta-de-sueno\/#primaryimage"},"thumbnailUrl":"https:\/\/www.fitshop.es\/blog\/wp-content\/uploads\/2019\/11\/233_Incremento-de-peso-asociado-a-la-falta-de-sue\u00f1o.jpg","keywords":["perder peso","salud"],"inLanguage":"es","potentialAction":[{"@type":"CommentAction","name":"Comment","target":["https:\/\/www.fitshop.es\/blog\/aumento-de-peso-y-falta-de-sueno\/#respond"]}]},{"@type":"WebPage","@id":"https:\/\/www.fitshop.es\/blog\/aumento-de-peso-y-falta-de-sueno\/","url":"https:\/\/www.fitshop.es\/blog\/aumento-de-peso-y-falta-de-sueno\/","name":"Aumento de peso asociado a la falta de sue\u00f1o - El Blog de Fitshop","isPartOf":{"@id":"https:\/\/www.fitshop.es\/blog\/#website"},"primaryImageOfPage":{"@id":"https:\/\/www.fitshop.es\/blog\/aumento-de-peso-y-falta-de-sueno\/#primaryimage"},"image":{"@id":"https:\/\/www.fitshop.es\/blog\/aumento-de-peso-y-falta-de-sueno\/#primaryimage"},"thumbnailUrl":"https:\/\/www.fitshop.es\/blog\/wp-content\/uploads\/2019\/11\/233_Incremento-de-peso-asociado-a-la-falta-de-sue\u00f1o.jpg","datePublished":"2019-11-17T08:00:31+00:00","description":"En este art\u00edculo queremos repasar la relaci\u00f3n existente entre la falta de sue\u00f1o y el sobrepeso. \u00bfC\u00f3mo puedes recuperar la higiene del sue\u00f1o?","breadcrumb":{"@id":"https:\/\/www.fitshop.es\/blog\/aumento-de-peso-y-falta-de-sueno\/#breadcrumb"},"inLanguage":"es","potentialAction":[{"@type":"ReadAction","target":["https:\/\/www.fitshop.es\/blog\/aumento-de-peso-y-falta-de-sueno\/"]}]},{"@type":"ImageObject","inLanguage":"es","@id":"https:\/\/www.fitshop.es\/blog\/aumento-de-peso-y-falta-de-sueno\/#primaryimage","url":"https:\/\/www.fitshop.es\/blog\/wp-content\/uploads\/2019\/11\/233_Incremento-de-peso-asociado-a-la-falta-de-sue\u00f1o.jpg","contentUrl":"https:\/\/www.fitshop.es\/blog\/wp-content\/uploads\/2019\/11\/233_Incremento-de-peso-asociado-a-la-falta-de-sue\u00f1o.jpg","width":1024,"height":512,"caption":"Incremento de peso asociado a la falta de sue\u00f1o"},{"@type":"BreadcrumbList","@id":"https:\/\/www.fitshop.es\/blog\/aumento-de-peso-y-falta-de-sueno\/#breadcrumb","itemListElement":[{"@type":"ListItem","position":1,"name":"Home","item":"https:\/\/www.fitshop.es\/blog\/"},{"@type":"ListItem","position":2,"name":"Aumento de peso asociado a la falta de sue\u00f1o"}]},{"@type":"WebSite","@id":"https:\/\/www.fitshop.es\/blog\/#website","url":"https:\/\/www.fitshop.es\/blog\/","name":"El Blog de Fitshop","description":"N\u00ba 1 en Europa para el Fitness dom\u00e9stico","publisher":{"@id":"https:\/\/www.fitshop.es\/blog\/#organization"},"potentialAction":[{"@type":"SearchAction","target":{"@type":"EntryPoint","urlTemplate":"https:\/\/www.fitshop.es\/blog\/?s={search_term_string}"},"query-input":{"@type":"PropertyValueSpecification","valueRequired":true,"valueName":"search_term_string"}}],"inLanguage":"es"},{"@type":"Organization","@id":"https:\/\/www.fitshop.es\/blog\/#organization","name":"Fitshop.es","url":"https:\/\/www.fitshop.es\/blog\/","logo":{"@type":"ImageObject","inLanguage":"es","@id":"https:\/\/www.fitshop.es\/blog\/#\/schema\/logo\/image\/","url":"https:\/\/www.fitshop.es\/blog\/wp-content\/uploads\/2023\/05\/logo-fitshop.png","contentUrl":"https:\/\/www.fitshop.es\/blog\/wp-content\/uploads\/2023\/05\/logo-fitshop.png","width":1200,"height":630,"caption":"Fitshop.es"},"image":{"@id":"https:\/\/www.fitshop.es\/blog\/#\/schema\/logo\/image\/"},"sameAs":["https:\/\/www.facebook.com\/FitshopES","https:\/\/x.com\/FitshopES","https:\/\/www.instagram.com\/fitshop.es","https:\/\/www.linkedin.com\/showcase\/fitshop-iberica"]},{"@type":"Person","@id":"https:\/\/www.fitshop.es\/blog\/#\/schema\/person\/5c7793bfdb6624a29533936f28f40bf2","name":"Maikel S\u00e1nchez","image":{"@type":"ImageObject","inLanguage":"es","@id":"https:\/\/secure.gravatar.com\/avatar\/817938271b9cb32a2ee4c03c23c5e4e94da9c3c5bcc28eee9c9baf12a801d245?s=96&d=mm&r=g","url":"https:\/\/secure.gravatar.com\/avatar\/817938271b9cb32a2ee4c03c23c5e4e94da9c3c5bcc28eee9c9baf12a801d245?s=96&d=mm&r=g","contentUrl":"https:\/\/secure.gravatar.com\/avatar\/817938271b9cb32a2ee4c03c23c5e4e94da9c3c5bcc28eee9c9baf12a801d245?s=96&d=mm&r=g","caption":"Maikel S\u00e1nchez"},"description":"Maikel S\u00e1nchez es traductor y representante de atenci\u00f3n al cliente en Fitshop. Apasionado del senderismo y la monta\u00f1a, combina su experiencia profesional con su pasi\u00f3n por el fitness. Le gusta entrenar con una mezcla de fuerza y cardio.","url":"https:\/\/www.fitshop.es\/blog\/author\/maikel\/"}]}},"_links":{"self":[{"href":"https:\/\/www.fitshop.es\/blog\/wp-json\/wp\/v2\/posts\/2066","targetHints":{"allow":["GET"]}}],"collection":[{"href":"https:\/\/www.fitshop.es\/blog\/wp-json\/wp\/v2\/posts"}],"about":[{"href":"https:\/\/www.fitshop.es\/blog\/wp-json\/wp\/v2\/types\/post"}],"author":[{"embeddable":true,"href":"https:\/\/www.fitshop.es\/blog\/wp-json\/wp\/v2\/users\/5"}],"replies":[{"embeddable":true,"href":"https:\/\/www.fitshop.es\/blog\/wp-json\/wp\/v2\/comments?post=2066"}],"version-history":[{"count":2,"href":"https:\/\/www.fitshop.es\/blog\/wp-json\/wp\/v2\/posts\/2066\/revisions"}],"predecessor-version":[{"id":2069,"href":"https:\/\/www.fitshop.es\/blog\/wp-json\/wp\/v2\/posts\/2066\/revisions\/2069"}],"wp:featuredmedia":[{"embeddable":true,"href":"https:\/\/www.fitshop.es\/blog\/wp-json\/wp\/v2\/media\/2067"}],"wp:attachment":[{"href":"https:\/\/www.fitshop.es\/blog\/wp-json\/wp\/v2\/media?parent=2066"}],"wp:term":[{"taxonomy":"category","embeddable":true,"href":"https:\/\/www.fitshop.es\/blog\/wp-json\/wp\/v2\/categories?post=2066"},{"taxonomy":"post_tag","embeddable":true,"href":"https:\/\/www.fitshop.es\/blog\/wp-json\/wp\/v2\/tags?post=2066"}],"curies":[{"name":"wp","href":"https:\/\/api.w.org\/{rel}","templated":true}]}}