{"id":2102,"date":"2019-12-03T09:00:00","date_gmt":"2019-12-03T08:00:00","guid":{"rendered":"https:\/\/www.fitshop.es\/blog\/?p=2102"},"modified":"2019-12-03T14:45:03","modified_gmt":"2019-12-03T13:45:03","slug":"e-bike-cuidados-invernales","status":"publish","type":"post","link":"https:\/\/www.fitshop.es\/blog\/e-bike-cuidados-invernales\/","title":{"rendered":"E-bike: as\u00ed sobrevivir\u00e1 tu bici en invierno"},"content":{"rendered":"<p><a name=\"more-2562\"><\/a>Se acerca el invierno. Y en esta \u00e9poca del a\u00f1o hay otras normas, al menos para los usuarios de <a href=\"https:\/\/www.fitshop.es\/bicicletas-electricas-pedelecs\">e-bikes<\/a>. Es totalmente indiferente si vas a dejar que tu e-bike iverne o si eres e las personas que disfrutan con el viento g\u00e9lido en la cara y la conducci\u00f3n sobre placas de hielo. Sobre todo hay que tener en cuenta la bater\u00eda. En este art\u00edculo te resumimos los consejos m\u00e1s importantes para que cuides de tu e-bike en invierno como se merece.<!--more--><\/p>\n<h3 class=\"western\">En invierno, \u00a1la e-bike al s\u00f3tano!<\/h3>\n<p><img loading=\"lazy\" decoding=\"async\" class=\"attachment-post-thumbnail  wp-post-image alignleft\" title=\"invierno\" src=\"https:\/\/www.sport-tiedje.de\/blog\/wp-content\/uploads\/2014\/11\/Fotolia_46336233_XS.jpg\" alt=\"invierno\" width=\"239\" height=\"179\" \/>Aunque vayas a mantener guardada tu e-bike durante los meses m\u00e1s fr\u00edos del a\u00f1o, hay ciertos detalles que debes tener en cuenta. Lo mejor es guardarla totalmente limpia. Para ello, es importante retirar primero el aparato de control o el ciclocomputador con GPS. Asimismo, no debes olvidar retirar la bater\u00eda, la cual sufre mucho con las bajas temperaturas.<\/p>\n<p>Para almacenar la bater\u00eda te recomendamos que la cargues al 50-80% y la coloques en alguna estanter\u00eda o alg\u00fan otro lugar a temperatura ambiente. Despu\u00e9s de tres o cuatro meses, deber\u00e1s comprobar el estado de carga de la bater\u00eda y cargarla si fuera necesario. En cualquier caso, esperemos que el oto\u00f1o se prolongue y el invierno sea breve, para que pronto puedas volver a lucir bicicleta el\u00e9ctrica.<\/p>\n<p><img loading=\"lazy\" decoding=\"async\" class=\"alignright wp-image-2564\" title=\"e-bike al s\u00f3tano\" src=\"http:\/\/www.sport-tiedje.de\/blog\/wp-content\/uploads\/2014\/11\/Montagestaender_Seite_60_M-196x300.jpg\" alt=\"e-bike al s\u00f3tano\" width=\"165\" height=\"252\" aria-describedby=\"caption-attachment-2564\" \/>Para limpiarla, lo mejor es hacerlo con agua templada con lavavajillas y un cepillo con cerdas suaves. Es muy importante dejarla impoluta antes de retirarla al garaje. A no ser que te hayas metido por caminos de barro y por mitad del campo, la suciedad se eliminar\u00e1 muy f\u00e1cilmente. A continuaci\u00f3n se debe secar todo bien.<\/p>\n<p>Tambi\u00e9n deber\u00e1s lubricar la cadena con aceite especial. No le pongas demasiado aceite, ya que es suficiente una peque\u00f1a cantidad que se repartir\u00e1 perfectamente. Si cuentas con un desviador en la cadena, selecciona el pi\u00f1\u00f3n medio, lleva la cadena lentamente hacia atr\u00e1s, y reparte el aceite. A continuaci\u00f3n cambia a otro pi\u00f1\u00f3n y deja que la cadena corra. Una vez limpia y lubricada, podr\u00e1s proceder a guardar la e-bike en el s\u00f3tano.<\/p>\n<h3 class=\"western\">Para los valientes que vayan a usar la e-bike con el fr\u00edo<\/h3>\n<p>Si tienes intenci\u00f3n de hacer uso de la bicicleta en los meses fr\u00edos del a\u00f1o para ir al trabajo o moverte por tu ciudad, una e-bike resulta ideal, ya que seguramente llevar\u00e1s ropa caliente, gruesa y pesada. Con una bicicleta el\u00e9ctrica no empezar\u00e1s a sudar tan pronto, ya que tendr\u00e1s \u00abel viento a favor\u00bb. Pero como dec\u00edamos antes, a las bater\u00edas de las e-bikes no les gusta el fr\u00edo. Con temperaturas bajo 0\u00baC, el rendimiento y alcance de la bater\u00eda se ver\u00e1n seriamente disminuidos. \u00a1Pero que no cunda el p\u00e1nico! Ese estado no repercutir\u00e1 a largo plazo y cuando suban las temperaturas volver\u00e1 a aumentar el rendimiento de la bater\u00eda. Y al pedalear la bater\u00eda tambi\u00e9n se calienta debido al suministro de energ\u00eda.<\/p>\n<p>Al cargar la bater\u00eda debes tener en cuenta que debe estar a temperatura ambiente, por lo que es preferible cargarla en el sal\u00f3n, antes que en el garaje. Lo mejor es esperar a que la bater\u00eda se haya aclimatado a la temperatura de la habitaci\u00f3n, para alcanzar una carga \u00f3ptima. Despu\u00e9s del viaje deber\u00e1s llevarte la bater\u00eda contigo a lugar c\u00e1lido y nunca dejarla durante mucho tiempo a la intemperie. De lo contrario podr\u00e1 sufrir da\u00f1os.<\/p>\n<p><img loading=\"lazy\" decoding=\"async\" class=\"alignleft wp-image-2565 \" title=\"E-bikes: luces y frenos\" src=\"http:\/\/www.sport-tiedje.de\/blog\/wp-content\/uploads\/2014\/11\/Berlin_Royal_KB551-050_graphit_Detail_Kettler_Logo_M-300x199.jpg\" alt=\"E-bikes: luces y frenos\" width=\"272\" height=\"181\" aria-describedby=\"caption-attachment-2565\" \/>Al usar una e-bike en invierno, el cuidado de la bici es a\u00fan m\u00e1s importante que de costumbre. Aseg\u00farate siempre de que la cadena est\u00e9 bien lubricada, empleando siempre aceite especial para cadenas de bici. Esto proteger\u00e1 la cadena cuando se distribuya sal contra las heladas. De lo contrario tendr\u00e1s que llevar al taller tu bici al cabo de un par de inviernos. Es obvio que frenos y luces deben funcionar en invierno a la perfecci\u00f3n. Adem\u00e1s debes llevar ropa c\u00e1lida y resistente a la intemperie. Las prendas especiales para ciclismo te ofrecen una mejor movilidad. Asimismo no olvides emplear bandas reflectantes para mayor seguridad y visibilidad.<\/p>\n\n\n<p><\/p>\n","protected":false},"excerpt":{"rendered":"<p>Se acerca el invierno. Y en esta \u00e9poca del a\u00f1o hay otras normas, al menos para los usuarios de e-bikes. Es totalmente indiferente si vas a dejar que tu e-bike iverne o si eres e las personas que disfrutan con el viento g\u00e9lido en la cara y la conducci\u00f3n sobre placas de hielo. Sobre todo [&hellip;]<\/p>\n","protected":false},"author":5,"featured_media":2103,"comment_status":"open","ping_status":"open","sticky":false,"template":"","format":"standard","meta":{"_monsterinsights_skip_tracking":false,"_monsterinsights_sitenote_active":false,"_monsterinsights_sitenote_note":"","_monsterinsights_sitenote_category":0,"footnotes":""},"categories":[1],"tags":[80],"class_list":["post-2102","post","type-post","status-publish","format-standard","has-post-thumbnail","hentry","category-sin-categoria","tag-cardio"],"yoast_head":"<!-- This site is optimized with the Yoast SEO plugin v27.3 - https:\/\/yoast.com\/product\/yoast-seo-wordpress\/ -->\n<title>E-bike: as\u00ed sobrevivir\u00e1 tu bici en invierno - El Blog de Fitshop<\/title>\n<meta name=\"description\" content=\"En este art\u00edculo te resumimos los consejos m\u00e1s importantes para que cuides de tu e-bike en invierno como se merece. \u00a1S\u00edguelos y tendr\u00e1s bicicleta para rato!\" \/>\n<meta name=\"robots\" content=\"index, follow, max-snippet:-1, max-image-preview:large, max-video-preview:-1\" \/>\n<link rel=\"canonical\" href=\"https:\/\/www.fitshop.es\/blog\/e-bike-cuidados-invernales\/\" \/>\n<meta property=\"og:locale\" content=\"es_ES\" \/>\n<meta property=\"og:type\" content=\"article\" \/>\n<meta property=\"og:title\" content=\"E-bike: as\u00ed sobrevivir\u00e1 tu bici en invierno - El Blog de Fitshop\" \/>\n<meta property=\"og:description\" content=\"En este art\u00edculo te resumimos los consejos m\u00e1s importantes para que cuides de tu e-bike en invierno como se merece. \u00a1S\u00edguelos y tendr\u00e1s bicicleta para rato!\" \/>\n<meta property=\"og:url\" content=\"https:\/\/www.fitshop.es\/blog\/e-bike-cuidados-invernales\/\" \/>\n<meta property=\"og:site_name\" content=\"El Blog de Fitshop\" \/>\n<meta property=\"article:publisher\" content=\"https:\/\/www.facebook.com\/FitshopES\" \/>\n<meta property=\"article:published_time\" content=\"2019-12-03T08:00:00+00:00\" \/>\n<meta property=\"article:modified_time\" content=\"2019-12-03T13:45:03+00:00\" \/>\n<meta property=\"og:image\" content=\"https:\/\/www.fitshop.es\/blog\/wp-content\/uploads\/2019\/11\/241_Ebikes-Cuidados-invernales.jpg\" \/>\n\t<meta property=\"og:image:width\" content=\"1024\" \/>\n\t<meta property=\"og:image:height\" content=\"512\" \/>\n\t<meta property=\"og:image:type\" content=\"image\/jpeg\" \/>\n<meta name=\"author\" content=\"Maikel S\u00e1nchez\" \/>\n<meta name=\"twitter:card\" content=\"summary_large_image\" \/>\n<meta name=\"twitter:creator\" content=\"@FitshopES\" \/>\n<meta name=\"twitter:site\" content=\"@FitshopES\" \/>\n<meta name=\"twitter:label1\" content=\"Escrito por\" \/>\n\t<meta name=\"twitter:data1\" content=\"Maikel S\u00e1nchez\" \/>\n\t<meta name=\"twitter:label2\" content=\"Tiempo de lectura\" \/>\n\t<meta name=\"twitter:data2\" content=\"4 minutos\" \/>\n<script type=\"application\/ld+json\" class=\"yoast-schema-graph\">{\"@context\":\"https:\\\/\\\/schema.org\",\"@graph\":[{\"@type\":\"Article\",\"@id\":\"https:\\\/\\\/www.fitshop.es\\\/blog\\\/e-bike-cuidados-invernales\\\/#article\",\"isPartOf\":{\"@id\":\"https:\\\/\\\/www.fitshop.es\\\/blog\\\/e-bike-cuidados-invernales\\\/\"},\"author\":{\"name\":\"Maikel S\u00e1nchez\",\"@id\":\"https:\\\/\\\/www.fitshop.es\\\/blog\\\/#\\\/schema\\\/person\\\/5c7793bfdb6624a29533936f28f40bf2\"},\"headline\":\"E-bike: as\u00ed sobrevivir\u00e1 tu bici en invierno\",\"datePublished\":\"2019-12-03T08:00:00+00:00\",\"dateModified\":\"2019-12-03T13:45:03+00:00\",\"mainEntityOfPage\":{\"@id\":\"https:\\\/\\\/www.fitshop.es\\\/blog\\\/e-bike-cuidados-invernales\\\/\"},\"wordCount\":730,\"commentCount\":0,\"publisher\":{\"@id\":\"https:\\\/\\\/www.fitshop.es\\\/blog\\\/#organization\"},\"image\":{\"@id\":\"https:\\\/\\\/www.fitshop.es\\\/blog\\\/e-bike-cuidados-invernales\\\/#primaryimage\"},\"thumbnailUrl\":\"https:\\\/\\\/www.fitshop.es\\\/blog\\\/wp-content\\\/uploads\\\/2019\\\/11\\\/241_Ebikes-Cuidados-invernales.jpg\",\"keywords\":[\"cardio\"],\"inLanguage\":\"es\",\"potentialAction\":[{\"@type\":\"CommentAction\",\"name\":\"Comment\",\"target\":[\"https:\\\/\\\/www.fitshop.es\\\/blog\\\/e-bike-cuidados-invernales\\\/#respond\"]}]},{\"@type\":\"WebPage\",\"@id\":\"https:\\\/\\\/www.fitshop.es\\\/blog\\\/e-bike-cuidados-invernales\\\/\",\"url\":\"https:\\\/\\\/www.fitshop.es\\\/blog\\\/e-bike-cuidados-invernales\\\/\",\"name\":\"E-bike: as\u00ed sobrevivir\u00e1 tu bici en invierno - El Blog de Fitshop\",\"isPartOf\":{\"@id\":\"https:\\\/\\\/www.fitshop.es\\\/blog\\\/#website\"},\"primaryImageOfPage\":{\"@id\":\"https:\\\/\\\/www.fitshop.es\\\/blog\\\/e-bike-cuidados-invernales\\\/#primaryimage\"},\"image\":{\"@id\":\"https:\\\/\\\/www.fitshop.es\\\/blog\\\/e-bike-cuidados-invernales\\\/#primaryimage\"},\"thumbnailUrl\":\"https:\\\/\\\/www.fitshop.es\\\/blog\\\/wp-content\\\/uploads\\\/2019\\\/11\\\/241_Ebikes-Cuidados-invernales.jpg\",\"datePublished\":\"2019-12-03T08:00:00+00:00\",\"dateModified\":\"2019-12-03T13:45:03+00:00\",\"description\":\"En este art\u00edculo te resumimos los consejos m\u00e1s importantes para que cuides de tu e-bike en invierno como se merece. \u00a1S\u00edguelos y tendr\u00e1s bicicleta para rato!\",\"breadcrumb\":{\"@id\":\"https:\\\/\\\/www.fitshop.es\\\/blog\\\/e-bike-cuidados-invernales\\\/#breadcrumb\"},\"inLanguage\":\"es\",\"potentialAction\":[{\"@type\":\"ReadAction\",\"target\":[\"https:\\\/\\\/www.fitshop.es\\\/blog\\\/e-bike-cuidados-invernales\\\/\"]}]},{\"@type\":\"ImageObject\",\"inLanguage\":\"es\",\"@id\":\"https:\\\/\\\/www.fitshop.es\\\/blog\\\/e-bike-cuidados-invernales\\\/#primaryimage\",\"url\":\"https:\\\/\\\/www.fitshop.es\\\/blog\\\/wp-content\\\/uploads\\\/2019\\\/11\\\/241_Ebikes-Cuidados-invernales.jpg\",\"contentUrl\":\"https:\\\/\\\/www.fitshop.es\\\/blog\\\/wp-content\\\/uploads\\\/2019\\\/11\\\/241_Ebikes-Cuidados-invernales.jpg\",\"width\":1024,\"height\":512,\"caption\":\"Ebikes Cuidados invernales\"},{\"@type\":\"BreadcrumbList\",\"@id\":\"https:\\\/\\\/www.fitshop.es\\\/blog\\\/e-bike-cuidados-invernales\\\/#breadcrumb\",\"itemListElement\":[{\"@type\":\"ListItem\",\"position\":1,\"name\":\"Home\",\"item\":\"https:\\\/\\\/www.fitshop.es\\\/blog\\\/\"},{\"@type\":\"ListItem\",\"position\":2,\"name\":\"E-bike: as\u00ed sobrevivir\u00e1 tu bici en invierno\"}]},{\"@type\":\"WebSite\",\"@id\":\"https:\\\/\\\/www.fitshop.es\\\/blog\\\/#website\",\"url\":\"https:\\\/\\\/www.fitshop.es\\\/blog\\\/\",\"name\":\"El Blog de Fitshop\",\"description\":\"N\u00ba 1 en Europa para el Fitness dom\u00e9stico\",\"publisher\":{\"@id\":\"https:\\\/\\\/www.fitshop.es\\\/blog\\\/#organization\"},\"potentialAction\":[{\"@type\":\"SearchAction\",\"target\":{\"@type\":\"EntryPoint\",\"urlTemplate\":\"https:\\\/\\\/www.fitshop.es\\\/blog\\\/?s={search_term_string}\"},\"query-input\":{\"@type\":\"PropertyValueSpecification\",\"valueRequired\":true,\"valueName\":\"search_term_string\"}}],\"inLanguage\":\"es\"},{\"@type\":\"Organization\",\"@id\":\"https:\\\/\\\/www.fitshop.es\\\/blog\\\/#organization\",\"name\":\"Fitshop.es\",\"url\":\"https:\\\/\\\/www.fitshop.es\\\/blog\\\/\",\"logo\":{\"@type\":\"ImageObject\",\"inLanguage\":\"es\",\"@id\":\"https:\\\/\\\/www.fitshop.es\\\/blog\\\/#\\\/schema\\\/logo\\\/image\\\/\",\"url\":\"https:\\\/\\\/www.fitshop.es\\\/blog\\\/wp-content\\\/uploads\\\/2023\\\/05\\\/logo-fitshop.png\",\"contentUrl\":\"https:\\\/\\\/www.fitshop.es\\\/blog\\\/wp-content\\\/uploads\\\/2023\\\/05\\\/logo-fitshop.png\",\"width\":1200,\"height\":630,\"caption\":\"Fitshop.es\"},\"image\":{\"@id\":\"https:\\\/\\\/www.fitshop.es\\\/blog\\\/#\\\/schema\\\/logo\\\/image\\\/\"},\"sameAs\":[\"https:\\\/\\\/www.facebook.com\\\/FitshopES\",\"https:\\\/\\\/x.com\\\/FitshopES\",\"https:\\\/\\\/www.instagram.com\\\/fitshop.es\",\"https:\\\/\\\/www.linkedin.com\\\/showcase\\\/fitshop-iberica\"]},{\"@type\":\"Person\",\"@id\":\"https:\\\/\\\/www.fitshop.es\\\/blog\\\/#\\\/schema\\\/person\\\/5c7793bfdb6624a29533936f28f40bf2\",\"name\":\"Maikel S\u00e1nchez\",\"image\":{\"@type\":\"ImageObject\",\"inLanguage\":\"es\",\"@id\":\"https:\\\/\\\/secure.gravatar.com\\\/avatar\\\/817938271b9cb32a2ee4c03c23c5e4e94da9c3c5bcc28eee9c9baf12a801d245?s=96&d=mm&r=g\",\"url\":\"https:\\\/\\\/secure.gravatar.com\\\/avatar\\\/817938271b9cb32a2ee4c03c23c5e4e94da9c3c5bcc28eee9c9baf12a801d245?s=96&d=mm&r=g\",\"contentUrl\":\"https:\\\/\\\/secure.gravatar.com\\\/avatar\\\/817938271b9cb32a2ee4c03c23c5e4e94da9c3c5bcc28eee9c9baf12a801d245?s=96&d=mm&r=g\",\"caption\":\"Maikel S\u00e1nchez\"},\"description\":\"Maikel S\u00e1nchez es traductor y representante de atenci\u00f3n al cliente en Fitshop. Apasionado del senderismo y la monta\u00f1a, combina su experiencia profesional con su pasi\u00f3n por el fitness. Le gusta entrenar con una mezcla de fuerza y cardio.\",\"url\":\"https:\\\/\\\/www.fitshop.es\\\/blog\\\/author\\\/maikel\\\/\"}]}<\/script>\n<!-- \/ Yoast SEO plugin. -->","yoast_head_json":{"title":"E-bike: as\u00ed sobrevivir\u00e1 tu bici en invierno - El Blog de Fitshop","description":"En este art\u00edculo te resumimos los consejos m\u00e1s importantes para que cuides de tu e-bike en invierno como se merece. \u00a1S\u00edguelos y tendr\u00e1s bicicleta para rato!","robots":{"index":"index","follow":"follow","max-snippet":"max-snippet:-1","max-image-preview":"max-image-preview:large","max-video-preview":"max-video-preview:-1"},"canonical":"https:\/\/www.fitshop.es\/blog\/e-bike-cuidados-invernales\/","og_locale":"es_ES","og_type":"article","og_title":"E-bike: as\u00ed sobrevivir\u00e1 tu bici en invierno - El Blog de Fitshop","og_description":"En este art\u00edculo te resumimos los consejos m\u00e1s importantes para que cuides de tu e-bike en invierno como se merece. \u00a1S\u00edguelos y tendr\u00e1s bicicleta para rato!","og_url":"https:\/\/www.fitshop.es\/blog\/e-bike-cuidados-invernales\/","og_site_name":"El Blog de Fitshop","article_publisher":"https:\/\/www.facebook.com\/FitshopES","article_published_time":"2019-12-03T08:00:00+00:00","article_modified_time":"2019-12-03T13:45:03+00:00","og_image":[{"width":1024,"height":512,"url":"https:\/\/www.fitshop.es\/blog\/wp-content\/uploads\/2019\/11\/241_Ebikes-Cuidados-invernales.jpg","type":"image\/jpeg"}],"author":"Maikel S\u00e1nchez","twitter_card":"summary_large_image","twitter_creator":"@FitshopES","twitter_site":"@FitshopES","twitter_misc":{"Escrito por":"Maikel S\u00e1nchez","Tiempo de lectura":"4 minutos"},"schema":{"@context":"https:\/\/schema.org","@graph":[{"@type":"Article","@id":"https:\/\/www.fitshop.es\/blog\/e-bike-cuidados-invernales\/#article","isPartOf":{"@id":"https:\/\/www.fitshop.es\/blog\/e-bike-cuidados-invernales\/"},"author":{"name":"Maikel S\u00e1nchez","@id":"https:\/\/www.fitshop.es\/blog\/#\/schema\/person\/5c7793bfdb6624a29533936f28f40bf2"},"headline":"E-bike: as\u00ed sobrevivir\u00e1 tu bici en invierno","datePublished":"2019-12-03T08:00:00+00:00","dateModified":"2019-12-03T13:45:03+00:00","mainEntityOfPage":{"@id":"https:\/\/www.fitshop.es\/blog\/e-bike-cuidados-invernales\/"},"wordCount":730,"commentCount":0,"publisher":{"@id":"https:\/\/www.fitshop.es\/blog\/#organization"},"image":{"@id":"https:\/\/www.fitshop.es\/blog\/e-bike-cuidados-invernales\/#primaryimage"},"thumbnailUrl":"https:\/\/www.fitshop.es\/blog\/wp-content\/uploads\/2019\/11\/241_Ebikes-Cuidados-invernales.jpg","keywords":["cardio"],"inLanguage":"es","potentialAction":[{"@type":"CommentAction","name":"Comment","target":["https:\/\/www.fitshop.es\/blog\/e-bike-cuidados-invernales\/#respond"]}]},{"@type":"WebPage","@id":"https:\/\/www.fitshop.es\/blog\/e-bike-cuidados-invernales\/","url":"https:\/\/www.fitshop.es\/blog\/e-bike-cuidados-invernales\/","name":"E-bike: as\u00ed sobrevivir\u00e1 tu bici en invierno - El Blog de Fitshop","isPartOf":{"@id":"https:\/\/www.fitshop.es\/blog\/#website"},"primaryImageOfPage":{"@id":"https:\/\/www.fitshop.es\/blog\/e-bike-cuidados-invernales\/#primaryimage"},"image":{"@id":"https:\/\/www.fitshop.es\/blog\/e-bike-cuidados-invernales\/#primaryimage"},"thumbnailUrl":"https:\/\/www.fitshop.es\/blog\/wp-content\/uploads\/2019\/11\/241_Ebikes-Cuidados-invernales.jpg","datePublished":"2019-12-03T08:00:00+00:00","dateModified":"2019-12-03T13:45:03+00:00","description":"En este art\u00edculo te resumimos los consejos m\u00e1s importantes para que cuides de tu e-bike en invierno como se merece. \u00a1S\u00edguelos y tendr\u00e1s bicicleta para rato!","breadcrumb":{"@id":"https:\/\/www.fitshop.es\/blog\/e-bike-cuidados-invernales\/#breadcrumb"},"inLanguage":"es","potentialAction":[{"@type":"ReadAction","target":["https:\/\/www.fitshop.es\/blog\/e-bike-cuidados-invernales\/"]}]},{"@type":"ImageObject","inLanguage":"es","@id":"https:\/\/www.fitshop.es\/blog\/e-bike-cuidados-invernales\/#primaryimage","url":"https:\/\/www.fitshop.es\/blog\/wp-content\/uploads\/2019\/11\/241_Ebikes-Cuidados-invernales.jpg","contentUrl":"https:\/\/www.fitshop.es\/blog\/wp-content\/uploads\/2019\/11\/241_Ebikes-Cuidados-invernales.jpg","width":1024,"height":512,"caption":"Ebikes Cuidados invernales"},{"@type":"BreadcrumbList","@id":"https:\/\/www.fitshop.es\/blog\/e-bike-cuidados-invernales\/#breadcrumb","itemListElement":[{"@type":"ListItem","position":1,"name":"Home","item":"https:\/\/www.fitshop.es\/blog\/"},{"@type":"ListItem","position":2,"name":"E-bike: as\u00ed sobrevivir\u00e1 tu bici en invierno"}]},{"@type":"WebSite","@id":"https:\/\/www.fitshop.es\/blog\/#website","url":"https:\/\/www.fitshop.es\/blog\/","name":"El Blog de Fitshop","description":"N\u00ba 1 en Europa para el Fitness dom\u00e9stico","publisher":{"@id":"https:\/\/www.fitshop.es\/blog\/#organization"},"potentialAction":[{"@type":"SearchAction","target":{"@type":"EntryPoint","urlTemplate":"https:\/\/www.fitshop.es\/blog\/?s={search_term_string}"},"query-input":{"@type":"PropertyValueSpecification","valueRequired":true,"valueName":"search_term_string"}}],"inLanguage":"es"},{"@type":"Organization","@id":"https:\/\/www.fitshop.es\/blog\/#organization","name":"Fitshop.es","url":"https:\/\/www.fitshop.es\/blog\/","logo":{"@type":"ImageObject","inLanguage":"es","@id":"https:\/\/www.fitshop.es\/blog\/#\/schema\/logo\/image\/","url":"https:\/\/www.fitshop.es\/blog\/wp-content\/uploads\/2023\/05\/logo-fitshop.png","contentUrl":"https:\/\/www.fitshop.es\/blog\/wp-content\/uploads\/2023\/05\/logo-fitshop.png","width":1200,"height":630,"caption":"Fitshop.es"},"image":{"@id":"https:\/\/www.fitshop.es\/blog\/#\/schema\/logo\/image\/"},"sameAs":["https:\/\/www.facebook.com\/FitshopES","https:\/\/x.com\/FitshopES","https:\/\/www.instagram.com\/fitshop.es","https:\/\/www.linkedin.com\/showcase\/fitshop-iberica"]},{"@type":"Person","@id":"https:\/\/www.fitshop.es\/blog\/#\/schema\/person\/5c7793bfdb6624a29533936f28f40bf2","name":"Maikel S\u00e1nchez","image":{"@type":"ImageObject","inLanguage":"es","@id":"https:\/\/secure.gravatar.com\/avatar\/817938271b9cb32a2ee4c03c23c5e4e94da9c3c5bcc28eee9c9baf12a801d245?s=96&d=mm&r=g","url":"https:\/\/secure.gravatar.com\/avatar\/817938271b9cb32a2ee4c03c23c5e4e94da9c3c5bcc28eee9c9baf12a801d245?s=96&d=mm&r=g","contentUrl":"https:\/\/secure.gravatar.com\/avatar\/817938271b9cb32a2ee4c03c23c5e4e94da9c3c5bcc28eee9c9baf12a801d245?s=96&d=mm&r=g","caption":"Maikel S\u00e1nchez"},"description":"Maikel S\u00e1nchez es traductor y representante de atenci\u00f3n al cliente en Fitshop. Apasionado del senderismo y la monta\u00f1a, combina su experiencia profesional con su pasi\u00f3n por el fitness. Le gusta entrenar con una mezcla de fuerza y cardio.","url":"https:\/\/www.fitshop.es\/blog\/author\/maikel\/"}]}},"_links":{"self":[{"href":"https:\/\/www.fitshop.es\/blog\/wp-json\/wp\/v2\/posts\/2102","targetHints":{"allow":["GET"]}}],"collection":[{"href":"https:\/\/www.fitshop.es\/blog\/wp-json\/wp\/v2\/posts"}],"about":[{"href":"https:\/\/www.fitshop.es\/blog\/wp-json\/wp\/v2\/types\/post"}],"author":[{"embeddable":true,"href":"https:\/\/www.fitshop.es\/blog\/wp-json\/wp\/v2\/users\/5"}],"replies":[{"embeddable":true,"href":"https:\/\/www.fitshop.es\/blog\/wp-json\/wp\/v2\/comments?post=2102"}],"version-history":[{"count":2,"href":"https:\/\/www.fitshop.es\/blog\/wp-json\/wp\/v2\/posts\/2102\/revisions"}],"predecessor-version":[{"id":2115,"href":"https:\/\/www.fitshop.es\/blog\/wp-json\/wp\/v2\/posts\/2102\/revisions\/2115"}],"wp:featuredmedia":[{"embeddable":true,"href":"https:\/\/www.fitshop.es\/blog\/wp-json\/wp\/v2\/media\/2103"}],"wp:attachment":[{"href":"https:\/\/www.fitshop.es\/blog\/wp-json\/wp\/v2\/media?parent=2102"}],"wp:term":[{"taxonomy":"category","embeddable":true,"href":"https:\/\/www.fitshop.es\/blog\/wp-json\/wp\/v2\/categories?post=2102"},{"taxonomy":"post_tag","embeddable":true,"href":"https:\/\/www.fitshop.es\/blog\/wp-json\/wp\/v2\/tags?post=2102"}],"curies":[{"name":"wp","href":"https:\/\/api.w.org\/{rel}","templated":true}]}}