{"id":491,"date":"2018-09-06T16:01:55","date_gmt":"2018-09-06T14:01:55","guid":{"rendered":"https:\/\/www.fitshop.es\/blog\/?p=491"},"modified":"2021-05-26T16:15:25","modified_gmt":"2021-05-26T14:15:25","slug":"sport-tiedje-sales-fair-2018","status":"publish","type":"post","link":"https:\/\/www.fitshop.es\/blog\/sport-tiedje-sales-fair-2018\/","title":{"rendered":"Sport-Tiedje Sales Fair 2018: Feria de ventas y marcas"},"content":{"rendered":"<p>Por tercera vez desde 2016 el tranquilo pueblo alem\u00e1n de B\u00fcdelsdorf, en Schleswig-Holstein, ha vuelto a ser el punto de encuentro de los representantes de las marcas y fabricantes m\u00e1s importantes del mundo del fitness. El objetivo ha sido presentar sus innovadores productos en nuestra feria interna \u00abSport-Tiedje Sales Fair\u00bb.<\/p>\n<p>Y en mitad de todo ello, nuestros curiosos compa\u00f1eros del grupo Sport-Tiedje, amantes del fitness y venidos de todos los rincones de Europa para la ocasi\u00f3n. En su equipaje han tra\u00eddo muchas preguntas sobre los productos, as\u00ed como la alegr\u00eda de poder probarlos de primera mano. Se trata por lo tanto de una oportunidad excelente para conocer las caras detr\u00e1s de las marcas, los aparatos m\u00e1s modernos (incluso antes de ser comercializados) y la familia internacional de Sport-Tiedje en un encuentro de intercambio creativo.<!--more--><\/p>\n<h2 class=\"western\">D\u00eda 1 &#8211; Sport-Tiedje Sales Fair<\/h2>\n<p><a name=\"more-12059\"><\/a>Cuando el primer d\u00eda de feria, el 28 de agosto, todos los trabajadores de Sport-Tiedje se encontraron a las 8 de la ma\u00f1ana para la bienvenida en las instalaciones del ACO Severin Ahlmann GmbH de B\u00fcdelsdorf y los fabricantes esperaban ya ansiosos a su p\u00fablico, el equipo de organizaci\u00f3n llevaba ya semanas trabajando duro para que todo funcionara a la perfecci\u00f3n. Poder hacer que la feria fuera un \u00e9xito y ubicar bajo un mismo techo a 15 fabricantes internacionales y a unos 150 de los mejores vendedores de Alemania, Austria, Suiza, Holanda, Dinamarca, Rep\u00fablica Checa, Inglaterra, Escocia, Espa\u00f1a y Polonia, no fue f\u00e1cil. \u00a1Pero la organizaci\u00f3n lo consigui\u00f3 con creces!<\/p>\n<h3>Garmin y Tanita<\/h3>\n<div id=\"attachment_12062\" style=\"width: 310px\" class=\"wp-caption alignleft\"><img loading=\"lazy\" decoding=\"async\" aria-describedby=\"caption-attachment-12062\" class=\"wp-image-12062 size-medium\" title=\"Bienvenida de nuestro equipo de organizaci\u00f3n\" src=\"https:\/\/www.sport-tiedje.de\/blog\/wp-content\/uploads\/2018\/08\/IMG_004-300x200.jpg\" sizes=\"auto, (max-width: 300px) 100vw, 300px\" srcset=\"https:\/\/www.sport-tiedje.de\/blog\/wp-content\/uploads\/2018\/08\/IMG_004-300x200.jpg 300w, https:\/\/www.sport-tiedje.de\/blog\/wp-content\/uploads\/2018\/08\/IMG_004-768x512.jpg 768w, https:\/\/www.sport-tiedje.de\/blog\/wp-content\/uploads\/2018\/08\/IMG_004-624x416.jpg 624w, https:\/\/www.sport-tiedje.de\/blog\/wp-content\/uploads\/2018\/08\/IMG_004.jpg 986w\" alt=\"Bienvenida de nuestro equipo de organizaci\u00f3n\" width=\"300\" height=\"200\" \/><p id=\"caption-attachment-12062\" class=\"wp-caption-text\">Nuestro eficiente equipo de organizaci\u00f3n compuesto por Robin, Moritz, Maria, Henok y De saluda a todos los compa\u00f1eros. \u00a1Gracias por la genial feria!<\/p><\/div>\n<p>Despu\u00e9s de la bienvenida por parte del gerente de compras del grupo Sport-Tiedje De Vuong, los participantes se repartieron en grupos y visitaron de manera alterna las formaciones de 45 minutos de cada fabricante. En el caso del equipo del blog, comenzamos con el especialista en relojes deportivos <a href=\"https:\/\/www.fitshop.es\/garmin\" target=\"_blank\" rel=\"noopener noreferrer\">Garmin<\/a>, donde nos presentaros su amplia gama de productos con monitores de actividad y relojes multideporte, que bajo el lema \u00abActive Lifestyle\u00bb ofrece el modelo adecuado para que todos puedan llevar una vida activa y saludable.<\/p>\n<p>Y siguiendo el hilo, la visita del pr\u00f3ximo fabricante deber\u00eda brindarnos informaci\u00f3n sobre nuestro estado de salud. Al menos en lo que a peso, IMC, porcentaje de grasa corporal, edad metab\u00f3lica y otros puntos se refiere. <a href=\"https:\/\/www.fitshop.es\/tanita\" target=\"_blank\" rel=\"noopener noreferrer\">Tanita<\/a>, una de las empresas l\u00edderes a nivel mundial en la producci\u00f3n de monitores de composici\u00f3n corporal, invit\u00f3 a cada participante a realizarse un completo an\u00e1lisis corporal en una b\u00e1scula profesional, que con una precisi\u00f3n del 97%, no deja lugar a dudas. El resultado: motivaci\u00f3n para algunos, desencanto para otros y un gran tema de conversaci\u00f3n para todos.<\/p>\n<div id=\"attachment_12064\" style=\"width: 310px\" class=\"wp-caption alignright\"><img loading=\"lazy\" decoding=\"async\" aria-describedby=\"caption-attachment-12064\" class=\"wp-image-12064 size-medium\" title=\"Pausa en la feria del grupo Sport-Tiedje\" src=\"https:\/\/www.sport-tiedje.de\/blog\/wp-content\/uploads\/2018\/08\/IMG_054-300x200.jpg\" sizes=\"auto, (max-width: 300px) 100vw, 300px\" srcset=\"https:\/\/www.sport-tiedje.de\/blog\/wp-content\/uploads\/2018\/08\/IMG_054-300x200.jpg 300w, https:\/\/www.sport-tiedje.de\/blog\/wp-content\/uploads\/2018\/08\/IMG_054-768x512.jpg 768w, https:\/\/www.sport-tiedje.de\/blog\/wp-content\/uploads\/2018\/08\/IMG_054-624x416.jpg 624w, https:\/\/www.sport-tiedje.de\/blog\/wp-content\/uploads\/2018\/08\/IMG_054.jpg 986w\" alt=\"Pausa en la feria del grupo Sport-Tiedje\" width=\"300\" height=\"200\" \/><p id=\"caption-attachment-12064\" class=\"wp-caption-text\">Pausa en la feria del grupo Sport-Tiedje<\/p><\/div>\n<p>Aquellos a los que no se les quit\u00f3 el apetito por los remordimientos, pudieron disfrutar despu\u00e9s de una exquisita comida, en compa\u00f1\u00eda de compa\u00f1eros de Sport-Tiedje y los fabricantes, con los que conversar animadamente durante la pausa (y darles despu\u00e9s una paliza en la mesa de ping pong). Adem\u00e1s de un futbol\u00edn, un par de mesas de ping pong situadas en el hall de entrada hicieron posible que los participantes se divirtieran.<\/p>\n<h3>Nautilus y VirtuPro<\/h3>\n<p>Despu\u00e9s de la pausa para comer, nosotros seguimos con los chicos del stand combinado de <a href=\"https:\/\/www.fitshop.es\/bowflex\" target=\"_blank\" rel=\"noopener noreferrer\">Bowflex<\/a>, <a href=\"https:\/\/www.fitshop.es\/schwinn\" target=\"_blank\" rel=\"noopener noreferrer\">Schwinn<\/a> y <a href=\"https:\/\/www.fitshop.es\/octane-fitness\" target=\"_blank\" rel=\"noopener noreferrer\">Octane<\/a>. Adem\u00e1s de la nueva bicicleta est\u00e1tica Schwinn Classic Cruiser con su estilo retro o de la estaci\u00f3n de fuerza h\u00edbrida HVT de Bowflex, nos esperaba la Zero Runner de Octane, un ejemplo de la categor\u00eda \u00abel futuro ya es presente\u00bb. A todo aqu\u00e9l que siempre quiso saber c\u00f3mo ser\u00eda caminar sobre las nubes, la Zero Runner le ofrece la manera perfecta de experimentarlo, sin cargar las articulaciones. Y aunque no sea nada nuevo en nuestro cat\u00e1logo, siempre merece la pena darse un paseo por las nubes.<\/p>\n<div id=\"attachment_12065\" style=\"width: 310px\" class=\"wp-caption alignleft\"><img loading=\"lazy\" decoding=\"async\" aria-describedby=\"caption-attachment-12065\" class=\"wp-image-12065 size-medium\" title=\"VirtuPro Indoor Bikes\" src=\"https:\/\/www.sport-tiedje.de\/blog\/wp-content\/uploads\/2018\/08\/IMG_027-300x200.jpg\" sizes=\"auto, (max-width: 300px) 100vw, 300px\" srcset=\"https:\/\/www.sport-tiedje.de\/blog\/wp-content\/uploads\/2018\/08\/IMG_027-300x200.jpg 300w, https:\/\/www.sport-tiedje.de\/blog\/wp-content\/uploads\/2018\/08\/IMG_027-768x512.jpg 768w, https:\/\/www.sport-tiedje.de\/blog\/wp-content\/uploads\/2018\/08\/IMG_027-624x416.jpg 624w, https:\/\/www.sport-tiedje.de\/blog\/wp-content\/uploads\/2018\/08\/IMG_027.jpg 986w\" alt=\"VirtuPro Indoor Bikes\" width=\"300\" height=\"200\" \/><p id=\"caption-attachment-12065\" class=\"wp-caption-text\">Siguiendo los pasos de Indur\u00e1in, Cippolini y compa\u00f1\u00eda. Pr\u00f3xima etapa: tu sal\u00f3n<\/p><\/div>\n<p>En cuanto a novedades, la VirtuPRO celebr\u00f3 su presentaci\u00f3n en nuestra Sales Dair de este a\u00f1o, con su simp\u00e1tico CEO Niels Kristian Andersen. Concebida por ciclistas profesionales para ciclistas apasionados, esta joven empresa danesa destaca con sus innovadores productos. No s\u00f3lo escala posiciones con el siguiente nivel de evoluci\u00f3n en el desarrollo t\u00e9cnico de bicicletas indoor. Tambi\u00e9n revoluciona el entrenamiento en cuesti\u00f3n de variedad y aut\u00e9ntica sensaci\u00f3n de carrera. Nos gustar\u00eda destacar dos puntos. La simulaci\u00f3n del rebufo y el completo fondo de tramos de carrera virtual, en los que Jan Ulrich, Mario Cippolini y Miguel Indur\u00e1in se convirtieron en leyenda. La \u00fanica forma de estar m\u00e1s cerca del Tour de France, es \u00a1participando en el mismo!<\/p>\n<h3>Stil-Fit y Life Fitness<\/h3>\n<p>En <a href=\"https:\/\/www.fitshop.es\/stil-fit\" target=\"_blank\" rel=\"noopener noreferrer\">Stil-Fit<\/a> fue algo m\u00e1s familiar. Estuvimos con Anton Rief, dise\u00f1ador y fundador de la empresa, y con su hijo Basil. Ambos nos presentaron, adem\u00e1s de los exitosos erg\u00f3metros, la soluci\u00f3n m\u00e1s elegante para un entrenamiento de fuerza en casa, la estaci\u00f3n de poleas Essence con frente de espejo. Algo que realmente llama la atenci\u00f3n, y no solo a los narcisistas.<\/p>\n<div id=\"attachment_12063\" style=\"width: 310px\" class=\"wp-caption alignright\"><img loading=\"lazy\" decoding=\"async\" aria-describedby=\"caption-attachment-12063\" class=\"wp-image-12063 size-medium\" title=\"Stand Life Fitness\" src=\"https:\/\/www.sport-tiedje.de\/blog\/wp-content\/uploads\/2018\/08\/IMG_033-300x200.jpg\" sizes=\"auto, (max-width: 300px) 100vw, 300px\" srcset=\"https:\/\/www.sport-tiedje.de\/blog\/wp-content\/uploads\/2018\/08\/IMG_033-300x200.jpg 300w, https:\/\/www.sport-tiedje.de\/blog\/wp-content\/uploads\/2018\/08\/IMG_033-768x512.jpg 768w, https:\/\/www.sport-tiedje.de\/blog\/wp-content\/uploads\/2018\/08\/IMG_033-624x416.jpg 624w, https:\/\/www.sport-tiedje.de\/blog\/wp-content\/uploads\/2018\/08\/IMG_033.jpg 986w\" alt=\"Stand Life Fitness\" width=\"300\" height=\"200\" \/><p id=\"caption-attachment-12063\" class=\"wp-caption-text\">Life Fitness: ambiente y formaci\u00f3n excelentes<\/p><\/div>\n<p>Uno de los stands m\u00e1s llamativos de la Sport-Tiedje Sales Fair fue el de <a href=\"https:\/\/www.fitshop.es\/life-fitness\" target=\"_blank\" rel=\"noopener noreferrer\">Life Fitness<\/a>, que cada a\u00f1o hace un gran esfuerzo en el dise\u00f1o de su presentaci\u00f3n. El suelo laminado en imitaci\u00f3n de madera, la pared de imitaci\u00f3n de piedra y el encanto de la representante creaban un ambiente de bienestar desde el primer momento. Una interesante formaci\u00f3n sobre esta marca de \u00e9xito mundial, en la que tampoco pod\u00eda faltar algo de historia de Life Fitness.<\/p>\n<p>Y debido a que Life Fitness no s\u00f3lo ha demostrado una excelente resistencia en sus productos, tambi\u00e9n este a\u00f1o hab\u00eda un caramelito especial al final de la presentaci\u00f3n. El reto Dead-Hang-Quiz, en el que hab\u00eda que colgarse en un Power Rack y contestar el mayor n\u00famero de preguntas posibles. El premio principal era un fin de semana para dos personas a la preciosa Lisboa. El feliz vencedor fue por cierto nuestro diccionario sobre Life Fitness y gerente adjunto de la filial de Colonia, Raphael Simon. \u00a1Felicidades por el premio (y por los 2 cm de altura que habr\u00e1s ganado)!<\/p>\n<p>As\u00ed terminaba para nuestro grupo el primer d\u00eda de feria, lleno de informaciones interesantes.<\/p>\n<h2>D\u00eda 2 &#8211; Sport-Tiedje Sales Fair<\/h2>\n<p>Nuestro segundo d\u00eda de feria Sport-Tiedje empez\u00f3 como es natural de forma deportiva. Antes de visitar en grupo los stands de la feria, calentamos un poco. Y es que no todos los d\u00edas se puede jugar en una mesa de ping pong con -atenci\u00f3n- \u00a1dise\u00f1o de Star Wars!<\/p>\n<h3>Horizon<\/h3>\n<div id=\"attachment_12085\" style=\"width: 310px\" class=\"wp-caption alignright\"><img loading=\"lazy\" decoding=\"async\" aria-describedby=\"caption-attachment-12085\" class=\"wp-image-12085 size-medium\" title=\"Bicicletas indoor de Horizon Fitness\" src=\"https:\/\/www.sport-tiedje.de\/blog\/wp-content\/uploads\/2018\/09\/IMG_112-300x200.jpg\" sizes=\"auto, (max-width: 300px) 100vw, 300px\" srcset=\"https:\/\/www.sport-tiedje.de\/blog\/wp-content\/uploads\/2018\/09\/IMG_112-300x200.jpg 300w, https:\/\/www.sport-tiedje.de\/blog\/wp-content\/uploads\/2018\/09\/IMG_112-768x512.jpg 768w, https:\/\/www.sport-tiedje.de\/blog\/wp-content\/uploads\/2018\/09\/IMG_112-624x416.jpg 624w, https:\/\/www.sport-tiedje.de\/blog\/wp-content\/uploads\/2018\/09\/IMG_112.jpg 986w\" alt=\"Bicicletas indoor de Horizon Fitness\" width=\"300\" height=\"200\" \/><p id=\"caption-attachment-12085\" class=\"wp-caption-text\">La abeja Maya en versi\u00f3n deportiva: las nuevas bicicletas indoor de Horizon Fitness.<\/p><\/div>\n<p>Tras la partida, ya estamos listos para el programa de la feria. De modo que nos dirigimos a <strong>Horizon Fitness<\/strong>, que comienzan la temporada de fitness con una serie de bicicletas de ciclo indoor totalmente nuevas. La GR Indoor Cycle con dise\u00f1o deportivo en amarillo y negro se ofrecer\u00e1 en tres modelos. Probamos la serie con las GR3, GR6 y GR7, y experimentamos una aut\u00e9ntica sensaci\u00f3n de carrera.<\/p>\n<p>La consola LCD viene con el nuevo sistema de luz \u00abGlow Ride\u00bb. \u00c9ste muestra la posici\u00f3n \u00f3ptima de entrenamiento para tres fases distintas de un tramo. Jump (subir y bajar monta\u00f1as, como en el mountainbiking), Run (subida continua) y Sit (para el calentamiento, enfriamiento y carrera relajada en un tramo llano). Adem\u00e1s se ha desarrollado la aplicaci\u00f3n gratuita fitDisplay para su uso en conjunto. En el programa Beat p.ej., la aplicaci\u00f3n propone la cadencia adecuada seg\u00fan el ritmo de la m\u00fasica. A\u00fan estamos pensando en nuestra lista de reproducci\u00f3n, as\u00ed que tendremos que volver a vernos para definirla.<\/p>\n<h3>WaterRower y NOHrD<\/h3>\n<div id=\"attachment_12086\" style=\"width: 310px\" class=\"wp-caption alignleft\"><img loading=\"lazy\" decoding=\"async\" aria-describedby=\"caption-attachment-12086\" class=\"wp-image-12086 size-medium\" title=\"Stand de WaterRower y NOHrD\" src=\"https:\/\/www.sport-tiedje.de\/blog\/wp-content\/uploads\/2018\/09\/IMG_058-300x200.jpg\" sizes=\"auto, (max-width: 300px) 100vw, 300px\" srcset=\"https:\/\/www.sport-tiedje.de\/blog\/wp-content\/uploads\/2018\/09\/IMG_058-300x200.jpg 300w, https:\/\/www.sport-tiedje.de\/blog\/wp-content\/uploads\/2018\/09\/IMG_058-768x512.jpg 768w, https:\/\/www.sport-tiedje.de\/blog\/wp-content\/uploads\/2018\/09\/IMG_058-624x416.jpg 624w, https:\/\/www.sport-tiedje.de\/blog\/wp-content\/uploads\/2018\/09\/IMG_058.jpg 986w\" alt=\"Stand de WaterRower y NOHrD\" width=\"300\" height=\"200\" \/><p id=\"caption-attachment-12086\" class=\"wp-caption-text\">En total equilibrio: nuestro compa\u00f1ero en el stand de WaterRower y NOHrD.<\/p><\/div>\n<p>En <strong>WaterRower<\/strong> lo primero fue aclarar las principales dudas que ten\u00edamos. P.ej. en relaci\u00f3n con el cuidado del agua del tanque: \u00bfpastillas de cloro s\u00ed o no? Algunos usuarios quieren cuidar su <a href=\"https:\/\/www.fitshop.es\/waterrower\" target=\"_blank\" rel=\"noopener noreferrer\">WaterRower<\/a> demasiado bien: a\u00f1aden pastillas de cloro en el tanque, cuya dosificaci\u00f3n est\u00e1 indicada para una piscina, y no para el tanque de agua de 18 litros con el que cuenta el WaterRower. Os pod\u00e9is imaginar los efectos que esto puede tener sobre el tanque de agua. Quien desee a\u00f1adir una pastilla de cloro al agua, deber\u00eda decantarse por las <a href=\"https:\/\/www.fitshop.es\/waterrower-puritabs-maxi-pastillas-de-cloro-wr244\" target=\"_blank\" rel=\"noopener noreferrer\">Puritabs<\/a> de WaterRower. Vienen con la cantidad \u00f3ptima para el volumen de agua indicado.<\/p>\n<p>Despu\u00e9s nos pusimos a prueba con la aplicaci\u00f3n My-NOHrD. La app de entrenamiento est\u00e1 en constante crecimiento. Ahora ofrece acceso a cientos de ejercicios, cuya realizaci\u00f3n se muestra en v\u00eddeo con un entrenador virtual. Los usuarios puedes crear sus propios entrenamientos o contratar de manera opcional un \u00abcoach\u00bb de entrenamiento profesional. Con la app tambi\u00e9n podr\u00e1s entrenar de manera interactiva con todos los aparatos de WaterRower y NOHrD.<\/p>\n<p>Por ejemplo en la elegante bicicleta ergom\u00e9trica NOHrD Bike. Con el primer erg\u00f3metro realizado en madera maciza, NOHrD se mantiene totalmente fiel al dise\u00f1o de sus productos. Esta estable bicicleta tambi\u00e9n es perfecta para mantenerse en forma en la oficina. Quienes deseen aunar trabajo y movimiento, s\u00f3lo tiene que plegar el manillar y colocar la bici bajo el escritorio.<\/p>\n<h3>Kettler<\/h3>\n<div id=\"attachment_12087\" style=\"width: 310px\" class=\"wp-caption alignright\"><img loading=\"lazy\" decoding=\"async\" aria-describedby=\"caption-attachment-12087\" class=\"wp-image-12087 size-medium\" title=\"Nuevas cintas de correr de Kettler\" src=\"https:\/\/www.sport-tiedje.de\/blog\/wp-content\/uploads\/2018\/09\/IMG_107-300x200.jpg\" sizes=\"auto, (max-width: 300px) 100vw, 300px\" srcset=\"https:\/\/www.sport-tiedje.de\/blog\/wp-content\/uploads\/2018\/09\/IMG_107-300x200.jpg 300w, https:\/\/www.sport-tiedje.de\/blog\/wp-content\/uploads\/2018\/09\/IMG_107-768x512.jpg 768w, https:\/\/www.sport-tiedje.de\/blog\/wp-content\/uploads\/2018\/09\/IMG_107-624x416.jpg 624w, https:\/\/www.sport-tiedje.de\/blog\/wp-content\/uploads\/2018\/09\/IMG_107.jpg 986w\" alt=\"Nuevas cintas de correr de Kettler\" width=\"300\" height=\"200\" \/><p id=\"caption-attachment-12087\" class=\"wp-caption-text\">Buena amortiguaci\u00f3n: las nuevas cintas de correr de Kettler.<\/p><\/div>\n<p>\u00bfQu\u00e9 tienen en com\u00fan un buen calzado de carrera y las nuevas cintas de correr de <strong>Kettler<\/strong>? \u00a1El material de amortiguaci\u00f3n! De hecho, Kettler le ha dado una vuelta al sistema de amortiguaci\u00f3n habitual de las cintas de correr. En la nueva serie de cintas de correr Track S2 &#8211; S10, Kettler se ha decidido por un material de amortiguaci\u00f3n totalmente novedoso. \u00c9ste tambi\u00e9n lo emplea una conocida marca de zapatillas de correr.<\/p>\n<p>Los llamados elementos \u00abEnergy\u00bb se encargan de ofrecer una recuperaci\u00f3n de energ\u00eda especialmente elevado. Sin duda, una gran idea. Ahora estamos deseando saber c\u00f3mo ver\u00e1n nuestros clientes el nuevo sistema. Adem\u00e1s probamos los nuevos remos con su atractivo dise\u00f1o Dynamic Loop. Cuentan con un consistente y largo bastidor con doble ra\u00edl (Duo Rail) para el asiento, y son tan estables que incluso est\u00e1n pensados para su uso profesional en gimnasios. Los remos est\u00e1n disponibles con resistencia por agua (Coach H2O) o con un silencioso freno por inducci\u00f3n (Coach 6 y Coach 10). Nos encant\u00f3, por cierto, la elevada posici\u00f3n del asiento, que lo hace m\u00e1s c\u00f3modo.<\/p>\n<h3>First-Degree Fitness<\/h3>\n<div id=\"attachment_12088\" style=\"width: 310px\" class=\"wp-caption alignleft\"><img loading=\"lazy\" decoding=\"async\" aria-describedby=\"caption-attachment-12088\" class=\"wp-image-12088 size-medium\" title=\"First-Degree en la Sport-Tiedje Sales Fair\" src=\"https:\/\/www.sport-tiedje.de\/blog\/wp-content\/uploads\/2018\/09\/IMG_144-300x200.jpg\" sizes=\"auto, (max-width: 300px) 100vw, 300px\" srcset=\"https:\/\/www.sport-tiedje.de\/blog\/wp-content\/uploads\/2018\/09\/IMG_144-300x200.jpg 300w, https:\/\/www.sport-tiedje.de\/blog\/wp-content\/uploads\/2018\/09\/IMG_144-768x512.jpg 768w, https:\/\/www.sport-tiedje.de\/blog\/wp-content\/uploads\/2018\/09\/IMG_144-624x416.jpg 624w, https:\/\/www.sport-tiedje.de\/blog\/wp-content\/uploads\/2018\/09\/IMG_144.jpg 986w\" alt=\"First-Degree en la Sport-Tiedje Sales Fair\" width=\"300\" height=\"200\" \/><p id=\"caption-attachment-12088\" class=\"wp-caption-text\">El reto por excelencia&#8230;<\/p><\/div>\n<p>Despu\u00e9s de tanto movimiento, nos ganamos una peque\u00f1a pausa (sin saber lo que nos esperaba en las siguientes formaciones&#8230;). Nos sentamos en los remos de <strong>First Degree Fitness<\/strong>, mientras nos contaron todo sobre la moda de las \u00abclases de remo\u00bb. Adem\u00e1s aprendimos los detalles de las nuevas caracter\u00edsticas de los remos de madera con resistencia ajustable. Y luego llega la sorpresa: un reto que pone al l\u00edmite nuestras fuerzas. \u00bfQui\u00e9n ser\u00e1 capaz de aguantar 60 segundos con 100 vueltas (hombres) u 80 vueltas (mujeres) en el <a href=\"https:\/\/www.fitshop.es\/first-degree-fitness-bicicletas-ergometricas\" target=\"_blank\" rel=\"noopener noreferrer\">erg\u00f3metro Upper Body<\/a>? En nuestro grupo s\u00f3lo lo consigui\u00f3 de hecho una mujer.<\/p>\n<p>As\u00ed hemos llegado cansados al pr\u00f3ximo punto de la Sport-Tiedje Sales Fair. Y llega la pausa de la comida, que nos viene como agua de mayo. Pero antes de dirigirnos al rico buf\u00e9, nos echamos la tradicional foto de grupo.<\/p>\n<h3>Icon y Berg<\/h3>\n<div id=\"attachment_12089\" style=\"width: 310px\" class=\"wp-caption alignright\"><img loading=\"lazy\" decoding=\"async\" aria-describedby=\"caption-attachment-12089\" class=\"wp-image-12089 size-medium\" title=\"Nordic Track X9i Incline Trainer\" src=\"https:\/\/www.sport-tiedje.de\/blog\/wp-content\/uploads\/2018\/09\/IMG_142-300x200.jpg\" sizes=\"auto, (max-width: 300px) 100vw, 300px\" srcset=\"https:\/\/www.sport-tiedje.de\/blog\/wp-content\/uploads\/2018\/09\/IMG_142-300x200.jpg 300w, https:\/\/www.sport-tiedje.de\/blog\/wp-content\/uploads\/2018\/09\/IMG_142-768x512.jpg 768w, https:\/\/www.sport-tiedje.de\/blog\/wp-content\/uploads\/2018\/09\/IMG_142-624x416.jpg 624w, https:\/\/www.sport-tiedje.de\/blog\/wp-content\/uploads\/2018\/09\/IMG_142.jpg 986w\" alt=\"Nordic Track X9i Incline Trainer\" width=\"300\" height=\"200\" \/><p id=\"caption-attachment-12089\" class=\"wp-caption-text\">\u00bfMonta\u00f1ismo? En esta cinta de correr puedes ajustar la inclinaci\u00f3n hasta en un 40%.<\/p><\/div>\n<p>Quienes no pudieron resistirse al postre, justo despu\u00e9s de la pausa pudieron eliminar esas calor\u00edas extra subiendo monta\u00f1a. Y es que en el stand de <strong>Icon<\/strong> nos esperaba otro de los aparatos destacados de la feria, la <a href=\"https:\/\/www.fitshop.es\/cinta-de-correr-nordictrack-x9i-incline-trainer-nt-netl19718\" target=\"_blank\" rel=\"noopener noreferrer\">cinta de correr Nordic Track Incline X9i<\/a> con una inclinaci\u00f3n extrema (hasta el 40%). La moda de fitness en Am\u00e9rica, con la que vosotros tambi\u00e9n podr\u00e9is subir cumbres imaginarias en tu propio sal\u00f3n. Adem\u00e1s, tambi\u00e9n se puede ajustar la declinaci\u00f3n hasta un 6%. Los m\u00fasculos de las piernas ya nos ard\u00edan, cuando pasamos a echarle un vistazo a la <a href=\"https:\/\/www.fitshop.es\/nordictrack-fusion-cst-nt-ntsy19916\" target=\"_blank\" rel=\"noopener noreferrer\">Fusion CST<\/a> con resistencia magn\u00e9tica y volante de inercia visible. Las ventajas: por un lado una carga menor de las articulaciones. Por otro, que no\u00a0 hay ning\u00fan bloque de peso en el que haya que cambiar el selector de peso. En la tablet, que tambi\u00e9n se incluye en el contenido, se reproducen numerosos entrenamientos. Una estaci\u00f3n de fuerza elegante y excelente, que cualquiera querr\u00eda tener en casa.<\/p>\n<div id=\"attachment_12090\" style=\"width: 310px\" class=\"wp-caption alignleft\"><img loading=\"lazy\" decoding=\"async\" aria-describedby=\"caption-attachment-12090\" class=\"wp-image-12090 size-medium\" title=\"Berg Champion\" src=\"https:\/\/www.sport-tiedje.de\/blog\/wp-content\/uploads\/2018\/09\/IMG_072-300x200.jpg\" sizes=\"auto, (max-width: 300px) 100vw, 300px\" srcset=\"https:\/\/www.sport-tiedje.de\/blog\/wp-content\/uploads\/2018\/09\/IMG_072-300x200.jpg 300w, https:\/\/www.sport-tiedje.de\/blog\/wp-content\/uploads\/2018\/09\/IMG_072-768x512.jpg 768w, https:\/\/www.sport-tiedje.de\/blog\/wp-content\/uploads\/2018\/09\/IMG_072-624x416.jpg 624w, https:\/\/www.sport-tiedje.de\/blog\/wp-content\/uploads\/2018\/09\/IMG_072.jpg 986w\" alt=\"Berg Champion\" width=\"300\" height=\"200\" \/><p id=\"caption-attachment-12090\" class=\"wp-caption-text\">Nuestro aprendiz volando por los aires \ud83d\ude42<\/p><\/div>\n<p>En el stand de <strong>Berg<\/strong> ya hab\u00edamos visto que todos nuestros compa\u00f1eros se lo pasaban en grande, as\u00ed que fuimos con muchas ganas de probar la <a href=\"https:\/\/www.fitshop.es\/cama-elastica-de-jardin-berg-champion-incl.-red-de-seguridad-deluxe-270-cm-330-cm-380-cm-bt-35.39.01.02\" target=\"_blank\" rel=\"noopener noreferrer\">cama el\u00e1stica Champion<\/a> que estaba de exposici\u00f3n. Se trataba del aparato de fitness m\u00e1s grande con diferencia en toda la feria y sin duda llamaba la atenci\u00f3n. Todos probamos la superficie de salto que muestra una suspensi\u00f3n incre\u00edble, en toda la superficie. Adem\u00e1s podemos confirmar algo que ya han demostrado numerosos estudios: \u00a1saltar en la cama el\u00e1stica te hace feliz! (Menos a un compa\u00f1ero. Despu\u00e9s del tercer salto, se le cayeron los pantalones.)<\/p>\n<h3>TRX<\/h3>\n<div id=\"attachment_12084\" style=\"width: 310px\" class=\"wp-caption alignright\"><img loading=\"lazy\" decoding=\"async\" aria-describedby=\"caption-attachment-12084\" class=\"wp-image-12084 size-medium\" title=\"sling trainer de TRX\" src=\"https:\/\/www.sport-tiedje.de\/blog\/wp-content\/uploads\/2018\/09\/IMG_084-300x200.jpg\" sizes=\"auto, (max-width: 300px) 100vw, 300px\" srcset=\"https:\/\/www.sport-tiedje.de\/blog\/wp-content\/uploads\/2018\/09\/IMG_084-300x200.jpg 300w, https:\/\/www.sport-tiedje.de\/blog\/wp-content\/uploads\/2018\/09\/IMG_084-768x512.jpg 768w, https:\/\/www.sport-tiedje.de\/blog\/wp-content\/uploads\/2018\/09\/IMG_084-624x416.jpg 624w, https:\/\/www.sport-tiedje.de\/blog\/wp-content\/uploads\/2018\/09\/IMG_084.jpg 986w\" alt=\"sling trainer de TRX\" width=\"300\" height=\"200\" \/><p id=\"caption-attachment-12084\" class=\"wp-caption-text\">D\u00e1ndolo todo con el sling trainer de TRX<\/p><\/div>\n<p>En el \u00faltimo stand tambi\u00e9n pusieron a prueba nuestra capacidad deportiva. Cada uno se situ\u00f3 junto a un <a href=\"https:\/\/www.fitshop.es\/trx-entrenamiento-con-peso-corporal\" target=\"_blank\" rel=\"noopener noreferrer\">sling trainer <\/a><strong>TRX<\/strong> y realizamos un breve entrenamiento, en el que aprendimos que un sling trainer puede servir para facilitar la realizaci\u00f3n de ejercicios, as\u00ed como para aumentar la intensidad de entrenamiento. Realizamos tres ejercicios y pudimos dejarnos caer con tranquilidad, gracias al lazo de compensaci\u00f3n.<\/p>\n<p>Este est\u00e1 presente en todos los sling trainers TRX. Tienen como funci\u00f3n que al sling trainer no se resbale, en caso de perder el equilibrio. Algo tambi\u00e9n a tener en cuenta es que al comprar cualquiera de los sling trainers, obtendr\u00e1s acceso a la biblioteca online con las indicaciones para realizar ejercicios. Adem\u00e1s en la red encontrar\u00e1s excelentes v\u00eddeos de entrenamiento con ejercicios muy diversos para el sling trainer de TRX.<\/p>\n<p>Conclusi\u00f3n: nuestra feria de formaci\u00f3n interna ha tenido lugar durante dos d\u00edas repletos de ideas e informaciones, conversaciones animadas con los fabricantes y colegas de toda Europa, mini entrenamientos y la presentaci\u00f3n de aparatos de fitness para 2018\/2019. Agradecemos a todos los implicados el que una vez m\u00e1s hayamos disfrutado de una exitosa feria. En especial al departamento de compras y al departamento de asistencia a direcci\u00f3n, Ella e Yrsa, que entre otros, se encargaron de organizar los viajes de todos los trabajadores de toda Europa. \u00a1Muchas gracias!<\/p>\n<p>PD: Todos los nuevos productos est\u00e1n ya o estar\u00e1n disponibles en nuestra tienda en las pr\u00f3ximas semanas.<\/p>\n","protected":false},"excerpt":{"rendered":"<p>Por tercera vez desde 2016 el tranquilo pueblo alem\u00e1n de B\u00fcdelsdorf, en Schleswig-Holstein, ha vuelto a ser el punto de encuentro de los representantes de las marcas y fabricantes m\u00e1s importantes del mundo del fitness. El objetivo ha sido presentar sus innovadores productos en nuestra feria interna \u00abSport-Tiedje Sales Fair\u00bb. Y en mitad de todo [&hellip;]<\/p>\n","protected":false},"author":5,"featured_media":492,"comment_status":"open","ping_status":"open","sticky":false,"template":"","format":"standard","meta":{"_monsterinsights_skip_tracking":false,"_monsterinsights_sitenote_active":false,"_monsterinsights_sitenote_note":"","_monsterinsights_sitenote_category":0,"footnotes":""},"categories":[1],"tags":[80,6,8,44,9,69],"class_list":["post-491","post","type-post","status-publish","format-standard","has-post-thumbnail","hentry","category-sin-categoria","tag-cardio","tag-cinta-de-correr","tag-ergometro","tag-musculacion","tag-remo","tag-resistencia"],"yoast_head":"<!-- This site is optimized with the Yoast SEO plugin v27.3 - https:\/\/yoast.com\/product\/yoast-seo-wordpress\/ -->\n<title>Sport-Tiedje Sales Fair 2018: Feria de ventas y marcas<\/title>\n<meta name=\"description\" content=\"El objetivo de nuestra feria interna \u00abSport-Tiedje Sales Fair\u00bb es conocer de primera mano los productos de las principales marcas del mercado.\" \/>\n<meta name=\"robots\" content=\"index, follow, max-snippet:-1, max-image-preview:large, max-video-preview:-1\" \/>\n<link rel=\"canonical\" href=\"https:\/\/www.fitshop.es\/blog\/sport-tiedje-sales-fair-2018\/\" \/>\n<meta property=\"og:locale\" content=\"es_ES\" \/>\n<meta property=\"og:type\" content=\"article\" \/>\n<meta property=\"og:title\" content=\"Sport-Tiedje Sales Fair 2018: Feria de ventas y marcas\" \/>\n<meta property=\"og:description\" content=\"El objetivo de nuestra feria interna \u00abSport-Tiedje Sales Fair\u00bb es conocer de primera mano los productos de las principales marcas del mercado.\" \/>\n<meta property=\"og:url\" content=\"https:\/\/www.fitshop.es\/blog\/sport-tiedje-sales-fair-2018\/\" \/>\n<meta property=\"og:site_name\" content=\"El Blog de Fitshop\" \/>\n<meta property=\"article:publisher\" content=\"https:\/\/www.facebook.com\/FitshopES\" \/>\n<meta property=\"article:published_time\" content=\"2018-09-06T14:01:55+00:00\" \/>\n<meta property=\"article:modified_time\" content=\"2021-05-26T14:15:25+00:00\" \/>\n<meta property=\"og:image\" content=\"https:\/\/www.fitshop.es\/blog\/wp-content\/uploads\/2018\/09\/IMG_090.jpg\" \/>\n\t<meta property=\"og:image:width\" content=\"986\" \/>\n\t<meta property=\"og:image:height\" content=\"657\" \/>\n\t<meta property=\"og:image:type\" content=\"image\/jpeg\" \/>\n<meta name=\"author\" content=\"Maikel S\u00e1nchez\" \/>\n<meta name=\"twitter:card\" content=\"summary_large_image\" \/>\n<meta name=\"twitter:creator\" content=\"@FitshopES\" \/>\n<meta name=\"twitter:site\" content=\"@FitshopES\" \/>\n<meta name=\"twitter:label1\" content=\"Escrito por\" \/>\n\t<meta name=\"twitter:data1\" content=\"Maikel S\u00e1nchez\" \/>\n\t<meta name=\"twitter:label2\" content=\"Tiempo de lectura\" \/>\n\t<meta name=\"twitter:data2\" content=\"13 minutos\" \/>\n<script type=\"application\/ld+json\" class=\"yoast-schema-graph\">{\"@context\":\"https:\\\/\\\/schema.org\",\"@graph\":[{\"@type\":\"Article\",\"@id\":\"https:\\\/\\\/www.fitshop.es\\\/blog\\\/sport-tiedje-sales-fair-2018\\\/#article\",\"isPartOf\":{\"@id\":\"https:\\\/\\\/www.fitshop.es\\\/blog\\\/sport-tiedje-sales-fair-2018\\\/\"},\"author\":{\"name\":\"Maikel S\u00e1nchez\",\"@id\":\"https:\\\/\\\/www.fitshop.es\\\/blog\\\/#\\\/schema\\\/person\\\/5c7793bfdb6624a29533936f28f40bf2\"},\"headline\":\"Sport-Tiedje Sales Fair 2018: Feria de ventas y marcas\",\"datePublished\":\"2018-09-06T14:01:55+00:00\",\"dateModified\":\"2021-05-26T14:15:25+00:00\",\"mainEntityOfPage\":{\"@id\":\"https:\\\/\\\/www.fitshop.es\\\/blog\\\/sport-tiedje-sales-fair-2018\\\/\"},\"wordCount\":2662,\"commentCount\":0,\"publisher\":{\"@id\":\"https:\\\/\\\/www.fitshop.es\\\/blog\\\/#organization\"},\"image\":{\"@id\":\"https:\\\/\\\/www.fitshop.es\\\/blog\\\/sport-tiedje-sales-fair-2018\\\/#primaryimage\"},\"thumbnailUrl\":\"https:\\\/\\\/www.fitshop.es\\\/blog\\\/wp-content\\\/uploads\\\/2018\\\/09\\\/IMG_090.jpg\",\"keywords\":[\"cardio\",\"cinta de correr\",\"erg\u00f3metro\",\"musculaci\u00f3n\",\"remo\",\"resistencia\"],\"inLanguage\":\"es\",\"potentialAction\":[{\"@type\":\"CommentAction\",\"name\":\"Comment\",\"target\":[\"https:\\\/\\\/www.fitshop.es\\\/blog\\\/sport-tiedje-sales-fair-2018\\\/#respond\"]}]},{\"@type\":\"WebPage\",\"@id\":\"https:\\\/\\\/www.fitshop.es\\\/blog\\\/sport-tiedje-sales-fair-2018\\\/\",\"url\":\"https:\\\/\\\/www.fitshop.es\\\/blog\\\/sport-tiedje-sales-fair-2018\\\/\",\"name\":\"Sport-Tiedje Sales Fair 2018: Feria de ventas y marcas\",\"isPartOf\":{\"@id\":\"https:\\\/\\\/www.fitshop.es\\\/blog\\\/#website\"},\"primaryImageOfPage\":{\"@id\":\"https:\\\/\\\/www.fitshop.es\\\/blog\\\/sport-tiedje-sales-fair-2018\\\/#primaryimage\"},\"image\":{\"@id\":\"https:\\\/\\\/www.fitshop.es\\\/blog\\\/sport-tiedje-sales-fair-2018\\\/#primaryimage\"},\"thumbnailUrl\":\"https:\\\/\\\/www.fitshop.es\\\/blog\\\/wp-content\\\/uploads\\\/2018\\\/09\\\/IMG_090.jpg\",\"datePublished\":\"2018-09-06T14:01:55+00:00\",\"dateModified\":\"2021-05-26T14:15:25+00:00\",\"description\":\"El objetivo de nuestra feria interna \u00abSport-Tiedje Sales Fair\u00bb es conocer de primera mano los productos de las principales marcas del mercado.\",\"breadcrumb\":{\"@id\":\"https:\\\/\\\/www.fitshop.es\\\/blog\\\/sport-tiedje-sales-fair-2018\\\/#breadcrumb\"},\"inLanguage\":\"es\",\"potentialAction\":[{\"@type\":\"ReadAction\",\"target\":[\"https:\\\/\\\/www.fitshop.es\\\/blog\\\/sport-tiedje-sales-fair-2018\\\/\"]}]},{\"@type\":\"ImageObject\",\"inLanguage\":\"es\",\"@id\":\"https:\\\/\\\/www.fitshop.es\\\/blog\\\/sport-tiedje-sales-fair-2018\\\/#primaryimage\",\"url\":\"https:\\\/\\\/www.fitshop.es\\\/blog\\\/wp-content\\\/uploads\\\/2018\\\/09\\\/IMG_090.jpg\",\"contentUrl\":\"https:\\\/\\\/www.fitshop.es\\\/blog\\\/wp-content\\\/uploads\\\/2018\\\/09\\\/IMG_090.jpg\",\"width\":986,\"height\":657,\"caption\":\"Sport-Tiedje Sales Fair 2018\"},{\"@type\":\"BreadcrumbList\",\"@id\":\"https:\\\/\\\/www.fitshop.es\\\/blog\\\/sport-tiedje-sales-fair-2018\\\/#breadcrumb\",\"itemListElement\":[{\"@type\":\"ListItem\",\"position\":1,\"name\":\"Home\",\"item\":\"https:\\\/\\\/www.fitshop.es\\\/blog\\\/\"},{\"@type\":\"ListItem\",\"position\":2,\"name\":\"Sport-Tiedje Sales Fair 2018: Feria de ventas y marcas\"}]},{\"@type\":\"WebSite\",\"@id\":\"https:\\\/\\\/www.fitshop.es\\\/blog\\\/#website\",\"url\":\"https:\\\/\\\/www.fitshop.es\\\/blog\\\/\",\"name\":\"El Blog de Fitshop\",\"description\":\"N\u00ba 1 en Europa para el Fitness dom\u00e9stico\",\"publisher\":{\"@id\":\"https:\\\/\\\/www.fitshop.es\\\/blog\\\/#organization\"},\"potentialAction\":[{\"@type\":\"SearchAction\",\"target\":{\"@type\":\"EntryPoint\",\"urlTemplate\":\"https:\\\/\\\/www.fitshop.es\\\/blog\\\/?s={search_term_string}\"},\"query-input\":{\"@type\":\"PropertyValueSpecification\",\"valueRequired\":true,\"valueName\":\"search_term_string\"}}],\"inLanguage\":\"es\"},{\"@type\":\"Organization\",\"@id\":\"https:\\\/\\\/www.fitshop.es\\\/blog\\\/#organization\",\"name\":\"Fitshop.es\",\"url\":\"https:\\\/\\\/www.fitshop.es\\\/blog\\\/\",\"logo\":{\"@type\":\"ImageObject\",\"inLanguage\":\"es\",\"@id\":\"https:\\\/\\\/www.fitshop.es\\\/blog\\\/#\\\/schema\\\/logo\\\/image\\\/\",\"url\":\"https:\\\/\\\/www.fitshop.es\\\/blog\\\/wp-content\\\/uploads\\\/2023\\\/05\\\/logo-fitshop.png\",\"contentUrl\":\"https:\\\/\\\/www.fitshop.es\\\/blog\\\/wp-content\\\/uploads\\\/2023\\\/05\\\/logo-fitshop.png\",\"width\":1200,\"height\":630,\"caption\":\"Fitshop.es\"},\"image\":{\"@id\":\"https:\\\/\\\/www.fitshop.es\\\/blog\\\/#\\\/schema\\\/logo\\\/image\\\/\"},\"sameAs\":[\"https:\\\/\\\/www.facebook.com\\\/FitshopES\",\"https:\\\/\\\/x.com\\\/FitshopES\",\"https:\\\/\\\/www.instagram.com\\\/fitshop.es\",\"https:\\\/\\\/www.linkedin.com\\\/showcase\\\/fitshop-iberica\"]},{\"@type\":\"Person\",\"@id\":\"https:\\\/\\\/www.fitshop.es\\\/blog\\\/#\\\/schema\\\/person\\\/5c7793bfdb6624a29533936f28f40bf2\",\"name\":\"Maikel S\u00e1nchez\",\"image\":{\"@type\":\"ImageObject\",\"inLanguage\":\"es\",\"@id\":\"https:\\\/\\\/secure.gravatar.com\\\/avatar\\\/817938271b9cb32a2ee4c03c23c5e4e94da9c3c5bcc28eee9c9baf12a801d245?s=96&d=mm&r=g\",\"url\":\"https:\\\/\\\/secure.gravatar.com\\\/avatar\\\/817938271b9cb32a2ee4c03c23c5e4e94da9c3c5bcc28eee9c9baf12a801d245?s=96&d=mm&r=g\",\"contentUrl\":\"https:\\\/\\\/secure.gravatar.com\\\/avatar\\\/817938271b9cb32a2ee4c03c23c5e4e94da9c3c5bcc28eee9c9baf12a801d245?s=96&d=mm&r=g\",\"caption\":\"Maikel S\u00e1nchez\"},\"description\":\"Maikel S\u00e1nchez es traductor y representante de atenci\u00f3n al cliente en Fitshop. Apasionado del senderismo y la monta\u00f1a, combina su experiencia profesional con su pasi\u00f3n por el fitness. Le gusta entrenar con una mezcla de fuerza y cardio.\",\"url\":\"https:\\\/\\\/www.fitshop.es\\\/blog\\\/author\\\/maikel\\\/\"}]}<\/script>\n<!-- \/ Yoast SEO plugin. -->","yoast_head_json":{"title":"Sport-Tiedje Sales Fair 2018: Feria de ventas y marcas","description":"El objetivo de nuestra feria interna \u00abSport-Tiedje Sales Fair\u00bb es conocer de primera mano los productos de las principales marcas del mercado.","robots":{"index":"index","follow":"follow","max-snippet":"max-snippet:-1","max-image-preview":"max-image-preview:large","max-video-preview":"max-video-preview:-1"},"canonical":"https:\/\/www.fitshop.es\/blog\/sport-tiedje-sales-fair-2018\/","og_locale":"es_ES","og_type":"article","og_title":"Sport-Tiedje Sales Fair 2018: Feria de ventas y marcas","og_description":"El objetivo de nuestra feria interna \u00abSport-Tiedje Sales Fair\u00bb es conocer de primera mano los productos de las principales marcas del mercado.","og_url":"https:\/\/www.fitshop.es\/blog\/sport-tiedje-sales-fair-2018\/","og_site_name":"El Blog de Fitshop","article_publisher":"https:\/\/www.facebook.com\/FitshopES","article_published_time":"2018-09-06T14:01:55+00:00","article_modified_time":"2021-05-26T14:15:25+00:00","og_image":[{"width":986,"height":657,"url":"https:\/\/www.fitshop.es\/blog\/wp-content\/uploads\/2018\/09\/IMG_090.jpg","type":"image\/jpeg"}],"author":"Maikel S\u00e1nchez","twitter_card":"summary_large_image","twitter_creator":"@FitshopES","twitter_site":"@FitshopES","twitter_misc":{"Escrito por":"Maikel S\u00e1nchez","Tiempo de lectura":"13 minutos"},"schema":{"@context":"https:\/\/schema.org","@graph":[{"@type":"Article","@id":"https:\/\/www.fitshop.es\/blog\/sport-tiedje-sales-fair-2018\/#article","isPartOf":{"@id":"https:\/\/www.fitshop.es\/blog\/sport-tiedje-sales-fair-2018\/"},"author":{"name":"Maikel S\u00e1nchez","@id":"https:\/\/www.fitshop.es\/blog\/#\/schema\/person\/5c7793bfdb6624a29533936f28f40bf2"},"headline":"Sport-Tiedje Sales Fair 2018: Feria de ventas y marcas","datePublished":"2018-09-06T14:01:55+00:00","dateModified":"2021-05-26T14:15:25+00:00","mainEntityOfPage":{"@id":"https:\/\/www.fitshop.es\/blog\/sport-tiedje-sales-fair-2018\/"},"wordCount":2662,"commentCount":0,"publisher":{"@id":"https:\/\/www.fitshop.es\/blog\/#organization"},"image":{"@id":"https:\/\/www.fitshop.es\/blog\/sport-tiedje-sales-fair-2018\/#primaryimage"},"thumbnailUrl":"https:\/\/www.fitshop.es\/blog\/wp-content\/uploads\/2018\/09\/IMG_090.jpg","keywords":["cardio","cinta de correr","erg\u00f3metro","musculaci\u00f3n","remo","resistencia"],"inLanguage":"es","potentialAction":[{"@type":"CommentAction","name":"Comment","target":["https:\/\/www.fitshop.es\/blog\/sport-tiedje-sales-fair-2018\/#respond"]}]},{"@type":"WebPage","@id":"https:\/\/www.fitshop.es\/blog\/sport-tiedje-sales-fair-2018\/","url":"https:\/\/www.fitshop.es\/blog\/sport-tiedje-sales-fair-2018\/","name":"Sport-Tiedje Sales Fair 2018: Feria de ventas y marcas","isPartOf":{"@id":"https:\/\/www.fitshop.es\/blog\/#website"},"primaryImageOfPage":{"@id":"https:\/\/www.fitshop.es\/blog\/sport-tiedje-sales-fair-2018\/#primaryimage"},"image":{"@id":"https:\/\/www.fitshop.es\/blog\/sport-tiedje-sales-fair-2018\/#primaryimage"},"thumbnailUrl":"https:\/\/www.fitshop.es\/blog\/wp-content\/uploads\/2018\/09\/IMG_090.jpg","datePublished":"2018-09-06T14:01:55+00:00","dateModified":"2021-05-26T14:15:25+00:00","description":"El objetivo de nuestra feria interna \u00abSport-Tiedje Sales Fair\u00bb es conocer de primera mano los productos de las principales marcas del mercado.","breadcrumb":{"@id":"https:\/\/www.fitshop.es\/blog\/sport-tiedje-sales-fair-2018\/#breadcrumb"},"inLanguage":"es","potentialAction":[{"@type":"ReadAction","target":["https:\/\/www.fitshop.es\/blog\/sport-tiedje-sales-fair-2018\/"]}]},{"@type":"ImageObject","inLanguage":"es","@id":"https:\/\/www.fitshop.es\/blog\/sport-tiedje-sales-fair-2018\/#primaryimage","url":"https:\/\/www.fitshop.es\/blog\/wp-content\/uploads\/2018\/09\/IMG_090.jpg","contentUrl":"https:\/\/www.fitshop.es\/blog\/wp-content\/uploads\/2018\/09\/IMG_090.jpg","width":986,"height":657,"caption":"Sport-Tiedje Sales Fair 2018"},{"@type":"BreadcrumbList","@id":"https:\/\/www.fitshop.es\/blog\/sport-tiedje-sales-fair-2018\/#breadcrumb","itemListElement":[{"@type":"ListItem","position":1,"name":"Home","item":"https:\/\/www.fitshop.es\/blog\/"},{"@type":"ListItem","position":2,"name":"Sport-Tiedje Sales Fair 2018: Feria de ventas y marcas"}]},{"@type":"WebSite","@id":"https:\/\/www.fitshop.es\/blog\/#website","url":"https:\/\/www.fitshop.es\/blog\/","name":"El Blog de Fitshop","description":"N\u00ba 1 en Europa para el Fitness dom\u00e9stico","publisher":{"@id":"https:\/\/www.fitshop.es\/blog\/#organization"},"potentialAction":[{"@type":"SearchAction","target":{"@type":"EntryPoint","urlTemplate":"https:\/\/www.fitshop.es\/blog\/?s={search_term_string}"},"query-input":{"@type":"PropertyValueSpecification","valueRequired":true,"valueName":"search_term_string"}}],"inLanguage":"es"},{"@type":"Organization","@id":"https:\/\/www.fitshop.es\/blog\/#organization","name":"Fitshop.es","url":"https:\/\/www.fitshop.es\/blog\/","logo":{"@type":"ImageObject","inLanguage":"es","@id":"https:\/\/www.fitshop.es\/blog\/#\/schema\/logo\/image\/","url":"https:\/\/www.fitshop.es\/blog\/wp-content\/uploads\/2023\/05\/logo-fitshop.png","contentUrl":"https:\/\/www.fitshop.es\/blog\/wp-content\/uploads\/2023\/05\/logo-fitshop.png","width":1200,"height":630,"caption":"Fitshop.es"},"image":{"@id":"https:\/\/www.fitshop.es\/blog\/#\/schema\/logo\/image\/"},"sameAs":["https:\/\/www.facebook.com\/FitshopES","https:\/\/x.com\/FitshopES","https:\/\/www.instagram.com\/fitshop.es","https:\/\/www.linkedin.com\/showcase\/fitshop-iberica"]},{"@type":"Person","@id":"https:\/\/www.fitshop.es\/blog\/#\/schema\/person\/5c7793bfdb6624a29533936f28f40bf2","name":"Maikel S\u00e1nchez","image":{"@type":"ImageObject","inLanguage":"es","@id":"https:\/\/secure.gravatar.com\/avatar\/817938271b9cb32a2ee4c03c23c5e4e94da9c3c5bcc28eee9c9baf12a801d245?s=96&d=mm&r=g","url":"https:\/\/secure.gravatar.com\/avatar\/817938271b9cb32a2ee4c03c23c5e4e94da9c3c5bcc28eee9c9baf12a801d245?s=96&d=mm&r=g","contentUrl":"https:\/\/secure.gravatar.com\/avatar\/817938271b9cb32a2ee4c03c23c5e4e94da9c3c5bcc28eee9c9baf12a801d245?s=96&d=mm&r=g","caption":"Maikel S\u00e1nchez"},"description":"Maikel S\u00e1nchez es traductor y representante de atenci\u00f3n al cliente en Fitshop. Apasionado del senderismo y la monta\u00f1a, combina su experiencia profesional con su pasi\u00f3n por el fitness. Le gusta entrenar con una mezcla de fuerza y cardio.","url":"https:\/\/www.fitshop.es\/blog\/author\/maikel\/"}]}},"_links":{"self":[{"href":"https:\/\/www.fitshop.es\/blog\/wp-json\/wp\/v2\/posts\/491","targetHints":{"allow":["GET"]}}],"collection":[{"href":"https:\/\/www.fitshop.es\/blog\/wp-json\/wp\/v2\/posts"}],"about":[{"href":"https:\/\/www.fitshop.es\/blog\/wp-json\/wp\/v2\/types\/post"}],"author":[{"embeddable":true,"href":"https:\/\/www.fitshop.es\/blog\/wp-json\/wp\/v2\/users\/5"}],"replies":[{"embeddable":true,"href":"https:\/\/www.fitshop.es\/blog\/wp-json\/wp\/v2\/comments?post=491"}],"version-history":[{"count":6,"href":"https:\/\/www.fitshop.es\/blog\/wp-json\/wp\/v2\/posts\/491\/revisions"}],"predecessor-version":[{"id":2688,"href":"https:\/\/www.fitshop.es\/blog\/wp-json\/wp\/v2\/posts\/491\/revisions\/2688"}],"wp:featuredmedia":[{"embeddable":true,"href":"https:\/\/www.fitshop.es\/blog\/wp-json\/wp\/v2\/media\/492"}],"wp:attachment":[{"href":"https:\/\/www.fitshop.es\/blog\/wp-json\/wp\/v2\/media?parent=491"}],"wp:term":[{"taxonomy":"category","embeddable":true,"href":"https:\/\/www.fitshop.es\/blog\/wp-json\/wp\/v2\/categories?post=491"},{"taxonomy":"post_tag","embeddable":true,"href":"https:\/\/www.fitshop.es\/blog\/wp-json\/wp\/v2\/tags?post=491"}],"curies":[{"name":"wp","href":"https:\/\/api.w.org\/{rel}","templated":true}]}}